{"id":78070,"date":"2026-01-01T22:14:31","date_gmt":"2026-01-01T19:14:31","guid":{"rendered":"https:\/\/www.egemtv.com\/?p=78070"},"modified":"2026-01-01T22:14:32","modified_gmt":"2026-01-01T19:14:32","slug":"kutahyada-egitime-1-gun-ara","status":"publish","type":"post","link":"https:\/\/www.egemtv.com\/?p=78070","title":{"rendered":"K\u00fctahya\u2019da e\u011fitime 1 g\u00fcn ara"},"content":{"rendered":"<p>K\u00fctahya\u2019da olumsuz hava \u015fartlar\u0131 nedeniyle okullarda e\u011fitime 1 g\u00fcn ara verildi.<br \/>\n<br \/>Meteoroloji Genel M\u00fcd\u00fcrl\u00fc\u011f\u00fc\u2019nden al\u0131nan son de\u011ferlendirmelere g\u00f6re, K\u00fctahya genelinde bu gece etkili olmas\u0131 beklenen hava s\u0131cakl\u0131klar\u0131n\u0131n son d\u00f6rt y\u0131l\u0131n en d\u00fc\u015f\u00fck seviyeleri aras\u0131nda yer alaca\u011f\u0131 bildirildi. Tahminlere g\u00f6re, il merkezinde s\u0131cakl\u0131klar\u0131n-13 derece, rak\u0131m\u0131 daha y\u00fcksek olan il\u00e7e, belde ve k\u00f6ylerde ise eksi15 dereceye kadar d\u00fc\u015fmesi bekleniyor.<br \/>\n<br \/>Gece yar\u0131s\u0131ndan itibaren etkisini art\u0131raca\u011f\u0131 \u00f6ng\u00f6r\u00fclen a\u015f\u0131r\u0131 so\u011fuk hava \u015fartlar\u0131 nedeniyle don ve buzlanma riskinin olu\u015fabilece\u011fi, bu durumun trafik, toplu ula\u015f\u0131m ve yaya ula\u015f\u0131m\u0131nda olumsuzluklara yol a\u00e7abilece\u011fi belirtildi. Bu kapsamda, K\u00fctahya Valili\u011fi taraf\u0131ndan al\u0131nan karar do\u011frultusunda il genelindeki t\u00fcm resmi ve \u00f6zel ilk ve orta dereceli okullar ile \u00f6zel e\u011fitim kurumlar\u0131nda (kre\u015f ve g\u00fcnd\u00fcz bak\u0131mevleri hari\u00e7) 2 Ocak 2026 Cuma g\u00fcn\u00fc e\u011fitim-\u00f6\u011fretime 1 g\u00fcn s\u00fcreyle ara verildi.<br \/>\n<br \/>Ayr\u0131ca, kamu kurum ve kurulu\u015flar\u0131nda g\u00f6rev yapan hamile ve engelli personelin de ayn\u0131 tarihte bir g\u00fcn s\u00fcreyle idari izinli say\u0131laca\u011f\u0131 duyuruldu. Yetkililer, vatanda\u015flar\u0131 a\u015f\u0131r\u0131 so\u011fuk, don ve buzlanmaya kar\u015f\u0131 dikkatli ve tedbirli olmalar\u0131 konusunda uyard\u0131.<br \/><\/p>\n","protected":false},"excerpt":{"rendered":"<p>K\u00fctahya\u2019da olumsuz hava \u015fartlar\u0131 nedeniyle okullarda e\u011fitime 1 g\u00fcn ara verildi. Meteoroloji Genel M\u00fcd\u00fcrl\u00fc\u011f\u00fc\u2019nden al\u0131nan son de\u011ferlendirmelere g\u00f6re, K\u00fctahya genelinde bu gece etkili olmas\u0131 beklenen hava s\u0131cakl\u0131klar\u0131n\u0131n son d\u00f6rt y\u0131l\u0131n en d\u00fc\u015f\u00fck seviyeleri aras\u0131nda yer alaca\u011f\u0131 bildirildi. Tahminlere g\u00f6re, il merkezinde s\u0131cakl\u0131klar\u0131n-13 derece, rak\u0131m\u0131 daha y\u00fcksek olan il\u00e7e, belde ve k\u00f6ylerde ise eksi15 dereceye kadar&#8230;<\/p>\n","protected":false},"author":1,"featured_media":78071,"comment_status":"open","ping_status":"open","sticky":false,"template":"","format":"standard","meta":{"_crdt_document":"","footnotes":""},"categories":[123],"tags":[],"class_list":["post-78070","post","type-post","status-publish","format-standard","has-post-thumbnail","hentry","category-gundem"],"_links":{"self":[{"href":"https:\/\/www.egemtv.com\/index.php?rest_route=\/wp\/v2\/posts\/78070","targetHints":{"allow":["GET"]}}],"collection":[{"href":"https:\/\/www.egemtv.com\/index.php?rest_route=\/wp\/v2\/posts"}],"about":[{"href":"https:\/\/www.egemtv.com\/index.php?rest_route=\/wp\/v2\/types\/post"}],"author":[{"embeddable":true,"href":"https:\/\/www.egemtv.com\/index.php?rest_route=\/wp\/v2\/users\/1"}],"replies":[{"embeddable":true,"href":"https:\/\/www.egemtv.com\/index.php?rest_route=%2Fwp%2Fv2%2Fcomments&post=78070"}],"version-history":[{"count":1,"href":"https:\/\/www.egemtv.com\/index.php?rest_route=\/wp\/v2\/posts\/78070\/revisions"}],"predecessor-version":[{"id":78072,"href":"https:\/\/www.egemtv.com\/index.php?rest_route=\/wp\/v2\/posts\/78070\/revisions\/78072"}],"wp:featuredmedia":[{"embeddable":true,"href":"https:\/\/www.egemtv.com\/index.php?rest_route=\/wp\/v2\/media\/78071"}],"wp:attachment":[{"href":"https:\/\/www.egemtv.com\/index.php?rest_route=%2Fwp%2Fv2%2Fmedia&parent=78070"}],"wp:term":[{"taxonomy":"category","embeddable":true,"href":"https:\/\/www.egemtv.com\/index.php?rest_route=%2Fwp%2Fv2%2Fcategories&post=78070"},{"taxonomy":"post_tag","embeddable":true,"href":"https:\/\/www.egemtv.com\/index.php?rest_route=%2Fwp%2Fv2%2Ftags&post=78070"}],"curies":[{"name":"wp","href":"https:\/\/api.w.org\/{rel}","templated":true}]}}