{"id":78067,"date":"2026-01-01T20:54:56","date_gmt":"2026-01-01T17:54:56","guid":{"rendered":"https:\/\/www.egemtv.com\/?p=78067"},"modified":"2026-01-01T20:54:56","modified_gmt":"2026-01-01T17:54:56","slug":"usakta-cati-yangini-panige-neden-oldu","status":"publish","type":"post","link":"https:\/\/www.egemtv.com\/?p=78067","title":{"rendered":"U\u015fak\u2019ta \u00e7at\u0131 yang\u0131n\u0131 pani\u011fe neden oldu"},"content":{"rendered":"<p>U\u015fak\u2019ta bir evin \u00e7at\u0131s\u0131nda \u00e7\u0131kan yang\u0131n ekiplerin m\u00fcdahalesiyle s\u00f6nd\u00fcr\u00fcld\u00fc.<br \/>\n<br \/>Yang\u0131n, U\u015fak merkeze ba\u011fl\u0131 Elmal\u0131dere Mahallesi Birinci Y\u0131ld\u0131r\u0131m Sokak \u00fczerinde bulunan iki katl\u0131 evin \u00e7at\u0131s\u0131nda meydana geldi. Edinilen bilgilere g\u00f6re, evin \u00e7at\u0131s\u0131nda hen\u00fcz bilinmeyen nedenle alevler y\u00fckselmeye ba\u015flad\u0131. K\u0131sa s\u00fcrede b\u00fcy\u00fcyen alevler t\u00fcm \u00e7at\u0131y\u0131 sard\u0131.<br \/>\n<br \/>\u00c7evredeki vatanda\u015flar\u0131n ihbar\u0131 \u00fczerine b\u00f6lgeye polis ve itfaiye ekipleri sevk edildi. \u0130tfaiye ekiplerin m\u00fcdahalesi sonucu yang\u0131n daha fazla b\u00fcy\u00fcmeden s\u00f6nd\u00fcr\u00fcld\u00fc.<br \/>\n<br \/>\u00d6te yandan, evin \u00e7at\u0131s\u0131nda hasar olu\u015ftu.<br \/><\/p>\n","protected":false},"excerpt":{"rendered":"<p>U\u015fak\u2019ta bir evin \u00e7at\u0131s\u0131nda \u00e7\u0131kan yang\u0131n ekiplerin m\u00fcdahalesiyle s\u00f6nd\u00fcr\u00fcld\u00fc. Yang\u0131n, U\u015fak merkeze ba\u011fl\u0131 Elmal\u0131dere Mahallesi Birinci Y\u0131ld\u0131r\u0131m Sokak \u00fczerinde bulunan iki katl\u0131 evin \u00e7at\u0131s\u0131nda meydana geldi. Edinilen bilgilere g\u00f6re, evin \u00e7at\u0131s\u0131nda hen\u00fcz bilinmeyen nedenle alevler y\u00fckselmeye ba\u015flad\u0131. K\u0131sa s\u00fcrede b\u00fcy\u00fcyen alevler t\u00fcm \u00e7at\u0131y\u0131 sard\u0131. \u00c7evredeki vatanda\u015flar\u0131n ihbar\u0131 \u00fczerine b\u00f6lgeye polis ve itfaiye ekipleri sevk edildi&#8230;.<\/p>\n","protected":false},"author":1,"featured_media":78068,"comment_status":"open","ping_status":"open","sticky":false,"template":"","format":"standard","meta":{"_crdt_document":"","footnotes":""},"categories":[5],"tags":[],"class_list":["post-78067","post","type-post","status-publish","format-standard","has-post-thumbnail","hentry","category-asayis"],"_links":{"self":[{"href":"https:\/\/www.egemtv.com\/index.php?rest_route=\/wp\/v2\/posts\/78067","targetHints":{"allow":["GET"]}}],"collection":[{"href":"https:\/\/www.egemtv.com\/index.php?rest_route=\/wp\/v2\/posts"}],"about":[{"href":"https:\/\/www.egemtv.com\/index.php?rest_route=\/wp\/v2\/types\/post"}],"author":[{"embeddable":true,"href":"https:\/\/www.egemtv.com\/index.php?rest_route=\/wp\/v2\/users\/1"}],"replies":[{"embeddable":true,"href":"https:\/\/www.egemtv.com\/index.php?rest_route=%2Fwp%2Fv2%2Fcomments&post=78067"}],"version-history":[{"count":1,"href":"https:\/\/www.egemtv.com\/index.php?rest_route=\/wp\/v2\/posts\/78067\/revisions"}],"predecessor-version":[{"id":78069,"href":"https:\/\/www.egemtv.com\/index.php?rest_route=\/wp\/v2\/posts\/78067\/revisions\/78069"}],"wp:featuredmedia":[{"embeddable":true,"href":"https:\/\/www.egemtv.com\/index.php?rest_route=\/wp\/v2\/media\/78068"}],"wp:attachment":[{"href":"https:\/\/www.egemtv.com\/index.php?rest_route=%2Fwp%2Fv2%2Fmedia&parent=78067"}],"wp:term":[{"taxonomy":"category","embeddable":true,"href":"https:\/\/www.egemtv.com\/index.php?rest_route=%2Fwp%2Fv2%2Fcategories&post=78067"},{"taxonomy":"post_tag","embeddable":true,"href":"https:\/\/www.egemtv.com\/index.php?rest_route=%2Fwp%2Fv2%2Ftags&post=78067"}],"curies":[{"name":"wp","href":"https:\/\/api.w.org\/{rel}","templated":true}]}}