{"id":78064,"date":"2026-01-01T19:15:01","date_gmt":"2026-01-01T16:15:01","guid":{"rendered":"https:\/\/www.egemtv.com\/?p=78064"},"modified":"2026-01-01T19:15:01","modified_gmt":"2026-01-01T16:15:01","slug":"otoyolda-34-bin-890-hapla-yakalandi","status":"publish","type":"post","link":"https:\/\/www.egemtv.com\/?p=78064","title":{"rendered":"Otoyolda 34 bin 890 hapla yakaland\u0131"},"content":{"rendered":"<p>Manisa\u2019da jandarman\u0131n y\u0131lba\u015f\u0131 emniyet tedbirleri kapsam\u0131nda otoyolda durdurdu\u011fu ara\u00e7ta binlerce sentetik hap ele ge\u00e7irildi. \u015e\u00fcpheli \u015fah\u0131s sevk edildi\u011fi adli makamlarca tutukland\u0131.<br \/>\n<br \/>Manisa \u0130l Jandarma Komutanl\u0131\u011f\u0131 taraf\u0131ndan vatanda\u015flar\u0131n yeni y\u0131la huzur ve g\u00fcven ortam\u0131nda girmesini sa\u011flamak, asayi\u015f ve kamu d\u00fczenini temin etmek amac\u0131yla haz\u0131rlanan &#8220;Y\u0131lba\u015f\u0131 Emniyet Tedbirleri Plan\u0131&#8221; kapsam\u0131nda uyu\u015fturucu madde ticaretine y\u00f6nelik \u00f6nemli bir operasyon ger\u00e7ekle\u015ftirildi.<br \/>\n<br \/>Edinilen bilgilere g\u00f6re, Jandarma Komutanl\u0131\u011f\u0131 \u0130stihbarat \u015eube M\u00fcd\u00fcrl\u00fc\u011f\u00fcnce analize dayal\u0131 olarak y\u00fcr\u00fct\u00fclen \u00e7al\u0131\u015fmalar neticesinde, O.B. (29) isimli \u015fahs\u0131n plakas\u0131 tespit edilen bir ara\u00e7la Manisa iline sentetik ecza hap\u0131 getirece\u011fi y\u00f6n\u00fcnde istihbari bilgi elde edildi. S\u00f6z konusu ara\u00e7, \u0130zmir-\u0130stanbul Otoyolu\u2019nun Saruhanl\u0131 il\u00e7esinde bulunan gi\u015felerde Otoyol Jandarma Komutanl\u0131\u011f\u0131 ekiplerince durduruldu.<br \/>\n<br \/>Ara\u00e7ta yap\u0131lan aramada 34 bin 890 adet sentetik ecza hap\u0131 ele ge\u00e7irildi. Olayla ilgili g\u00f6zalt\u0131na al\u0131nan \u015f\u00fcpheli \u015fah\u0131s, jandarmadaki i\u015flemlerinin ard\u0131ndan mevcutlu olarak sevk edildi\u011fi adli makamlarca tutuklanarak cezaevine teslim edildi.<br \/>\n<br \/>Manisa \u0130l Jandarma Komutanl\u0131\u011f\u0131 yetkilileri, ba\u015fta uyu\u015fturucuyla m\u00fccadele olmak \u00fczere halk\u0131n huzur ve g\u00fcvenli\u011fini tehdit eden t\u00fcm su\u00e7 unsurlar\u0131na kar\u015f\u0131 m\u00fccadelenin kararl\u0131l\u0131kla s\u00fcrd\u00fcr\u00fclece\u011fini bildirdi.<br \/><\/p>\n","protected":false},"excerpt":{"rendered":"<p>Manisa\u2019da jandarman\u0131n y\u0131lba\u015f\u0131 emniyet tedbirleri kapsam\u0131nda otoyolda durdurdu\u011fu ara\u00e7ta binlerce sentetik hap ele ge\u00e7irildi. \u015e\u00fcpheli \u015fah\u0131s sevk edildi\u011fi adli makamlarca tutukland\u0131. Manisa \u0130l Jandarma Komutanl\u0131\u011f\u0131 taraf\u0131ndan vatanda\u015flar\u0131n yeni y\u0131la huzur ve g\u00fcven ortam\u0131nda girmesini sa\u011flamak, asayi\u015f ve kamu d\u00fczenini temin etmek amac\u0131yla haz\u0131rlanan &#8220;Y\u0131lba\u015f\u0131 Emniyet Tedbirleri Plan\u0131&#8221; kapsam\u0131nda uyu\u015fturucu madde ticaretine y\u00f6nelik \u00f6nemli bir operasyon&#8230;<\/p>\n","protected":false},"author":1,"featured_media":78065,"comment_status":"open","ping_status":"open","sticky":false,"template":"","format":"standard","meta":{"_crdt_document":"","footnotes":""},"categories":[5],"tags":[],"class_list":["post-78064","post","type-post","status-publish","format-standard","has-post-thumbnail","hentry","category-asayis"],"_links":{"self":[{"href":"https:\/\/www.egemtv.com\/index.php?rest_route=\/wp\/v2\/posts\/78064","targetHints":{"allow":["GET"]}}],"collection":[{"href":"https:\/\/www.egemtv.com\/index.php?rest_route=\/wp\/v2\/posts"}],"about":[{"href":"https:\/\/www.egemtv.com\/index.php?rest_route=\/wp\/v2\/types\/post"}],"author":[{"embeddable":true,"href":"https:\/\/www.egemtv.com\/index.php?rest_route=\/wp\/v2\/users\/1"}],"replies":[{"embeddable":true,"href":"https:\/\/www.egemtv.com\/index.php?rest_route=%2Fwp%2Fv2%2Fcomments&post=78064"}],"version-history":[{"count":1,"href":"https:\/\/www.egemtv.com\/index.php?rest_route=\/wp\/v2\/posts\/78064\/revisions"}],"predecessor-version":[{"id":78066,"href":"https:\/\/www.egemtv.com\/index.php?rest_route=\/wp\/v2\/posts\/78064\/revisions\/78066"}],"wp:featuredmedia":[{"embeddable":true,"href":"https:\/\/www.egemtv.com\/index.php?rest_route=\/wp\/v2\/media\/78065"}],"wp:attachment":[{"href":"https:\/\/www.egemtv.com\/index.php?rest_route=%2Fwp%2Fv2%2Fmedia&parent=78064"}],"wp:term":[{"taxonomy":"category","embeddable":true,"href":"https:\/\/www.egemtv.com\/index.php?rest_route=%2Fwp%2Fv2%2Fcategories&post=78064"},{"taxonomy":"post_tag","embeddable":true,"href":"https:\/\/www.egemtv.com\/index.php?rest_route=%2Fwp%2Fv2%2Ftags&post=78064"}],"curies":[{"name":"wp","href":"https:\/\/api.w.org\/{rel}","templated":true}]}}