{"id":78061,"date":"2026-01-01T17:35:49","date_gmt":"2026-01-01T14:35:49","guid":{"rendered":"https:\/\/www.egemtv.com\/?p=78061"},"modified":"2026-01-01T17:35:49","modified_gmt":"2026-01-01T14:35:49","slug":"marmariste-yasayan-yerlesik-yabancilar-2026yi-denize-girerek-karsiladi","status":"publish","type":"post","link":"https:\/\/www.egemtv.com\/?p=78061","title":{"rendered":"Marmaris\u2019te ya\u015fayan yerle\u015fik yabanc\u0131lar 2026\u2019y\u0131 denize girerek kar\u015f\u0131lad\u0131"},"content":{"rendered":"<p>Mu\u011fla\u2019n\u0131n Marmaris il\u00e7esinde yerle\u015fik ya\u015fayan yabanc\u0131 uyruklu vatanda\u015flar, 2026 y\u0131l\u0131n\u0131 denize girerek kar\u015f\u0131lad\u0131.<\/p>\n<p>Marmaris\u2019te ya\u015fayan \u0130ngiliz, Ukraynal\u0131 ve Rusya uyruklu ki\u015filer, aileleriyle birlikte \u0130\u00e7meler Mahallesi sahilinde bir araya gelerek yeni y\u0131l\u0131n ilk g\u00fcn\u00fcnde denize girdi. Hava s\u0131cakl\u0131\u011f\u0131n\u0131n 6 derece \u00f6l\u00e7\u00fcld\u00fc\u011f\u00fc Marmaris\u2019te, deniz suyu s\u0131cakl\u0131\u011f\u0131n\u0131n ise 10 derecenin \u00fczerinde oldu\u011fu \u00f6\u011frenildi. So\u011fuk havaya ald\u0131r\u0131\u015f etmeyen yerle\u015fik yabanc\u0131lar, yeni y\u0131l\u0131 denizde kar\u015f\u0131laman\u0131n kendileri i\u00e7in bir gelenek haline geldi\u011fini belirtti. Denize girmenin bir gelenek haline geldi\u011fini ifade eden yabanc\u0131 uyruklu vatanda\u015flar, bu etkinli\u011fin yeni y\u0131lda sa\u011fl\u0131k, huzur ve mutluluk getirdi\u011fine inand\u0131klar\u0131n\u0131 dile getirdi.<\/p>\n<p>Renkli g\u00f6r\u00fcnt\u00fclere sahne olan etkinlik, sahilde bulunan vatanda\u015flar\u0131n da ilgisini \u00e7ekti.<\/p>\n","protected":false},"excerpt":{"rendered":"<p>Mu\u011fla\u2019n\u0131n Marmaris il\u00e7esinde yerle\u015fik ya\u015fayan yabanc\u0131 uyruklu vatanda\u015flar, 2026 y\u0131l\u0131n\u0131 denize girerek kar\u015f\u0131lad\u0131. Marmaris\u2019te ya\u015fayan \u0130ngiliz, Ukraynal\u0131 ve Rusya uyruklu ki\u015filer, aileleriyle birlikte \u0130\u00e7meler Mahallesi sahilinde bir araya gelerek yeni y\u0131l\u0131n ilk g\u00fcn\u00fcnde denize girdi. Hava s\u0131cakl\u0131\u011f\u0131n\u0131n 6 derece \u00f6l\u00e7\u00fcld\u00fc\u011f\u00fc Marmaris\u2019te, deniz suyu s\u0131cakl\u0131\u011f\u0131n\u0131n ise 10 derecenin \u00fczerinde oldu\u011fu \u00f6\u011frenildi. So\u011fuk havaya ald\u0131r\u0131\u015f etmeyen yerle\u015fik&#8230;<\/p>\n","protected":false},"author":1,"featured_media":78062,"comment_status":"open","ping_status":"open","sticky":false,"template":"","format":"standard","meta":{"_crdt_document":"","footnotes":""},"categories":[1],"tags":[],"class_list":["post-78061","post","type-post","status-publish","format-standard","has-post-thumbnail","hentry","category-guncel"],"_links":{"self":[{"href":"https:\/\/www.egemtv.com\/index.php?rest_route=\/wp\/v2\/posts\/78061","targetHints":{"allow":["GET"]}}],"collection":[{"href":"https:\/\/www.egemtv.com\/index.php?rest_route=\/wp\/v2\/posts"}],"about":[{"href":"https:\/\/www.egemtv.com\/index.php?rest_route=\/wp\/v2\/types\/post"}],"author":[{"embeddable":true,"href":"https:\/\/www.egemtv.com\/index.php?rest_route=\/wp\/v2\/users\/1"}],"replies":[{"embeddable":true,"href":"https:\/\/www.egemtv.com\/index.php?rest_route=%2Fwp%2Fv2%2Fcomments&post=78061"}],"version-history":[{"count":1,"href":"https:\/\/www.egemtv.com\/index.php?rest_route=\/wp\/v2\/posts\/78061\/revisions"}],"predecessor-version":[{"id":78063,"href":"https:\/\/www.egemtv.com\/index.php?rest_route=\/wp\/v2\/posts\/78061\/revisions\/78063"}],"wp:featuredmedia":[{"embeddable":true,"href":"https:\/\/www.egemtv.com\/index.php?rest_route=\/wp\/v2\/media\/78062"}],"wp:attachment":[{"href":"https:\/\/www.egemtv.com\/index.php?rest_route=%2Fwp%2Fv2%2Fmedia&parent=78061"}],"wp:term":[{"taxonomy":"category","embeddable":true,"href":"https:\/\/www.egemtv.com\/index.php?rest_route=%2Fwp%2Fv2%2Fcategories&post=78061"},{"taxonomy":"post_tag","embeddable":true,"href":"https:\/\/www.egemtv.com\/index.php?rest_route=%2Fwp%2Fv2%2Ftags&post=78061"}],"curies":[{"name":"wp","href":"https:\/\/api.w.org\/{rel}","templated":true}]}}