{"id":78058,"date":"2026-01-01T17:14:56","date_gmt":"2026-01-01T14:14:56","guid":{"rendered":"https:\/\/www.egemtv.com\/?p=78058"},"modified":"2026-01-01T17:14:56","modified_gmt":"2026-01-01T14:14:56","slug":"izmirde-ruhsatsiz-silah-operasyonunda-4-supheli-yakalandi","status":"publish","type":"post","link":"https:\/\/www.egemtv.com\/?p=78058","title":{"rendered":"\u0130zmir\u2019de ruhsats\u0131z silah operasyonunda 4 \u015f\u00fcpheli yakaland\u0131"},"content":{"rendered":"<p>\u0130zmir\u2019in Buca il\u00e7esinde polis ekipleri taraf\u0131ndan ger\u00e7ekle\u015ftirilen operasyonda, ruhsats\u0131z silah bulunduran 4 \u015f\u00fcpheli yakalanarak g\u00f6zalt\u0131na al\u0131nd\u0131.<br \/>\n<br \/>Edinilen bilgiye g\u00f6re, \u0130l Emniyet M\u00fcd\u00fcrl\u00fc\u011f\u00fc Buca \u0130l\u00e7e Emniyet M\u00fcd\u00fcrl\u00fc\u011f\u00fc ekiplerince, 6136 Say\u0131l\u0131 Kanuna Muhalefet (SKM) su\u00e7lar\u0131na y\u00f6nelik y\u00fcr\u00fct\u00fclen \u00e7al\u0131\u015fmalar \u00e7er\u00e7evesinde Atat\u00fcrk Mahallesi\u2019nde operasyon ger\u00e7ekle\u015ftirildi. Operasyon kapsam\u0131nda U.A., A.B., U.T. ve V.G. isimli \u015f\u00fcpheli \u015fah\u0131slar yakalanarak g\u00f6zalt\u0131na al\u0131nd\u0131. \u015eah\u0131slar\u0131n \u00fczerinde ve bulunduklar\u0131 yerde yap\u0131lan aramalarda 2 adet ruhsats\u0131z tabanca ele ge\u00e7irildi. \u015e\u00fcphelilerin emniyetteki i\u015flemlerinin tamamlanmas\u0131n\u0131n ard\u0131ndan adli mercilere sevk edilece\u011fi \u00f6\u011frenildi.<br \/><\/p>\n","protected":false},"excerpt":{"rendered":"<p>\u0130zmir\u2019in Buca il\u00e7esinde polis ekipleri taraf\u0131ndan ger\u00e7ekle\u015ftirilen operasyonda, ruhsats\u0131z silah bulunduran 4 \u015f\u00fcpheli yakalanarak g\u00f6zalt\u0131na al\u0131nd\u0131. Edinilen bilgiye g\u00f6re, \u0130l Emniyet M\u00fcd\u00fcrl\u00fc\u011f\u00fc Buca \u0130l\u00e7e Emniyet M\u00fcd\u00fcrl\u00fc\u011f\u00fc ekiplerince, 6136 Say\u0131l\u0131 Kanuna Muhalefet (SKM) su\u00e7lar\u0131na y\u00f6nelik y\u00fcr\u00fct\u00fclen \u00e7al\u0131\u015fmalar \u00e7er\u00e7evesinde Atat\u00fcrk Mahallesi\u2019nde operasyon ger\u00e7ekle\u015ftirildi. Operasyon kapsam\u0131nda U.A., A.B., U.T. ve V.G. isimli \u015f\u00fcpheli \u015fah\u0131slar yakalanarak g\u00f6zalt\u0131na al\u0131nd\u0131. \u015eah\u0131slar\u0131n&#8230;<\/p>\n","protected":false},"author":1,"featured_media":78059,"comment_status":"open","ping_status":"open","sticky":false,"template":"","format":"standard","meta":{"_crdt_document":"","footnotes":""},"categories":[5],"tags":[],"class_list":["post-78058","post","type-post","status-publish","format-standard","has-post-thumbnail","hentry","category-asayis"],"_links":{"self":[{"href":"https:\/\/www.egemtv.com\/index.php?rest_route=\/wp\/v2\/posts\/78058","targetHints":{"allow":["GET"]}}],"collection":[{"href":"https:\/\/www.egemtv.com\/index.php?rest_route=\/wp\/v2\/posts"}],"about":[{"href":"https:\/\/www.egemtv.com\/index.php?rest_route=\/wp\/v2\/types\/post"}],"author":[{"embeddable":true,"href":"https:\/\/www.egemtv.com\/index.php?rest_route=\/wp\/v2\/users\/1"}],"replies":[{"embeddable":true,"href":"https:\/\/www.egemtv.com\/index.php?rest_route=%2Fwp%2Fv2%2Fcomments&post=78058"}],"version-history":[{"count":1,"href":"https:\/\/www.egemtv.com\/index.php?rest_route=\/wp\/v2\/posts\/78058\/revisions"}],"predecessor-version":[{"id":78060,"href":"https:\/\/www.egemtv.com\/index.php?rest_route=\/wp\/v2\/posts\/78058\/revisions\/78060"}],"wp:featuredmedia":[{"embeddable":true,"href":"https:\/\/www.egemtv.com\/index.php?rest_route=\/wp\/v2\/media\/78059"}],"wp:attachment":[{"href":"https:\/\/www.egemtv.com\/index.php?rest_route=%2Fwp%2Fv2%2Fmedia&parent=78058"}],"wp:term":[{"taxonomy":"category","embeddable":true,"href":"https:\/\/www.egemtv.com\/index.php?rest_route=%2Fwp%2Fv2%2Fcategories&post=78058"},{"taxonomy":"post_tag","embeddable":true,"href":"https:\/\/www.egemtv.com\/index.php?rest_route=%2Fwp%2Fv2%2Ftags&post=78058"}],"curies":[{"name":"wp","href":"https:\/\/api.w.org\/{rel}","templated":true}]}}