{"id":78052,"date":"2026-01-01T16:54:48","date_gmt":"2026-01-01T13:54:48","guid":{"rendered":"https:\/\/www.egemtv.com\/?p=78052"},"modified":"2026-01-01T16:54:49","modified_gmt":"2026-01-01T13:54:49","slug":"yilin-ilk-gununu-denizde-karsiladilar","status":"publish","type":"post","link":"https:\/\/www.egemtv.com\/?p=78052","title":{"rendered":"Y\u0131l\u0131n ilk g\u00fcn\u00fcn\u00fc denizde kar\u015f\u0131lad\u0131lar"},"content":{"rendered":"<p>T\u00fcrkiye\u2019nin bir\u00e7ok b\u00f6lgesinde kar ve so\u011fuk hava etkisini s\u00fcrd\u00fcr\u00fcrken, Mu\u011fla\u2019n\u0131n &#8220;Sakin kent&#8221; unvan\u0131na sahip Akyaka Mahallesi\u2019nde vatanda\u015flar 2026 y\u0131l\u0131n\u0131n ilk g\u00fcn\u00fcn\u00fc denize girerek kar\u015f\u0131lad\u0131.<br \/>\n<br \/>Hava s\u0131cakl\u0131\u011f\u0131n\u0131n 7-8 derece civar\u0131nda \u00f6l\u00e7\u00fcld\u00fc\u011f\u00fc Akyaka\u2019da, y\u0131l\u0131n ilk g\u00fcn\u00fcnde sahil kesimi yo\u011fun ilgi g\u00f6rd\u00fc. So\u011fuk havaya ald\u0131r\u0131\u015f etmeyen vatanda\u015flar, deniz suyu s\u0131cakl\u0131\u011f\u0131n\u0131n hava s\u0131cakl\u0131\u011f\u0131ndan daha y\u00fcksek oldu\u011funu belirterek yeni y\u0131la denize girerek girmenin keyfini ya\u015fad\u0131.<br \/>\n<br \/>Deniz suyu socakl\u0131\u011f\u0131n\u0131n d\u0131\u015far\u0131dan daha s\u0131cak oldu\u011funu belirten Mete Ertu\u011frul, &#8220;Yeni y\u0131l\u0131 denize girerek kar\u015f\u0131lad\u0131k. Tabi Mu\u011fla\u2019n\u0131n g\u00fczellikleri b\u00f6yle olunca de\u011ferlendirmek gerekiyor. Asl\u0131nda suyun i\u00e7erisi daha s\u0131cak. D\u0131\u015far\u0131s\u0131 daha so\u011fuk. Sa\u011fl\u0131kl\u0131, hava ve deniz g\u00fczel. Biz de \u2019neden olmas\u0131n\u2019 diyerek denize girdik. Yeni y\u0131la sa\u011fl\u0131kl\u0131, din\u00e7 bir \u015fekilde girmek istedik. Yeni y\u0131l\u0131n ilk sporunu yapt\u0131k&#8221; dedi.<br \/>\n<br \/>Yeni y\u0131l\u0131 denizde kar\u015f\u0131lamak istediklerini belirten \u00dcmit Manat, &#8220;Mu\u011fla\u2019n\u0131n g\u00fczelliklerini herkes ya\u015fas\u0131n. Deniz g\u00fczel ve sa\u011fl\u0131kl\u0131. Spor olarak girdik. Yeni y\u0131l\u0131n ilk g\u00fcn\u00fcnde herkese mutlu ve sa\u011fl\u0131kl\u0131 y\u0131llar dileriz&#8221; dedi.<br \/><\/p>\n","protected":false},"excerpt":{"rendered":"<p>T\u00fcrkiye\u2019nin bir\u00e7ok b\u00f6lgesinde kar ve so\u011fuk hava etkisini s\u00fcrd\u00fcr\u00fcrken, Mu\u011fla\u2019n\u0131n &#8220;Sakin kent&#8221; unvan\u0131na sahip Akyaka Mahallesi\u2019nde vatanda\u015flar 2026 y\u0131l\u0131n\u0131n ilk g\u00fcn\u00fcn\u00fc denize girerek kar\u015f\u0131lad\u0131. Hava s\u0131cakl\u0131\u011f\u0131n\u0131n 7-8 derece civar\u0131nda \u00f6l\u00e7\u00fcld\u00fc\u011f\u00fc Akyaka\u2019da, y\u0131l\u0131n ilk g\u00fcn\u00fcnde sahil kesimi yo\u011fun ilgi g\u00f6rd\u00fc. So\u011fuk havaya ald\u0131r\u0131\u015f etmeyen vatanda\u015flar, deniz suyu s\u0131cakl\u0131\u011f\u0131n\u0131n hava s\u0131cakl\u0131\u011f\u0131ndan daha y\u00fcksek oldu\u011funu belirterek yeni y\u0131la&#8230;<\/p>\n","protected":false},"author":1,"featured_media":78053,"comment_status":"open","ping_status":"open","sticky":false,"template":"","format":"standard","meta":{"_crdt_document":"","footnotes":""},"categories":[1],"tags":[],"class_list":["post-78052","post","type-post","status-publish","format-standard","has-post-thumbnail","hentry","category-guncel"],"_links":{"self":[{"href":"https:\/\/www.egemtv.com\/index.php?rest_route=\/wp\/v2\/posts\/78052","targetHints":{"allow":["GET"]}}],"collection":[{"href":"https:\/\/www.egemtv.com\/index.php?rest_route=\/wp\/v2\/posts"}],"about":[{"href":"https:\/\/www.egemtv.com\/index.php?rest_route=\/wp\/v2\/types\/post"}],"author":[{"embeddable":true,"href":"https:\/\/www.egemtv.com\/index.php?rest_route=\/wp\/v2\/users\/1"}],"replies":[{"embeddable":true,"href":"https:\/\/www.egemtv.com\/index.php?rest_route=%2Fwp%2Fv2%2Fcomments&post=78052"}],"version-history":[{"count":1,"href":"https:\/\/www.egemtv.com\/index.php?rest_route=\/wp\/v2\/posts\/78052\/revisions"}],"predecessor-version":[{"id":78054,"href":"https:\/\/www.egemtv.com\/index.php?rest_route=\/wp\/v2\/posts\/78052\/revisions\/78054"}],"wp:featuredmedia":[{"embeddable":true,"href":"https:\/\/www.egemtv.com\/index.php?rest_route=\/wp\/v2\/media\/78053"}],"wp:attachment":[{"href":"https:\/\/www.egemtv.com\/index.php?rest_route=%2Fwp%2Fv2%2Fmedia&parent=78052"}],"wp:term":[{"taxonomy":"category","embeddable":true,"href":"https:\/\/www.egemtv.com\/index.php?rest_route=%2Fwp%2Fv2%2Fcategories&post=78052"},{"taxonomy":"post_tag","embeddable":true,"href":"https:\/\/www.egemtv.com\/index.php?rest_route=%2Fwp%2Fv2%2Ftags&post=78052"}],"curies":[{"name":"wp","href":"https:\/\/api.w.org\/{rel}","templated":true}]}}