{"id":78049,"date":"2026-01-01T16:34:40","date_gmt":"2026-01-01T13:34:40","guid":{"rendered":"https:\/\/www.egemtv.com\/?p=78049"},"modified":"2026-01-01T16:34:41","modified_gmt":"2026-01-01T13:34:41","slug":"koycegiz-yeni-yila-sakin-ve-gunesli-basladi","status":"publish","type":"post","link":"https:\/\/www.egemtv.com\/?p=78049","title":{"rendered":"K\u00f6yce\u011fiz yeni y\u0131la sakin ve g\u00fcne\u015fli ba\u015flad\u0131"},"content":{"rendered":"<p>Mu\u011fla\u2019n\u0131n K\u00f6yce\u011fiz il\u00e7esi, 2026 y\u0131l\u0131n\u0131n ilk g\u00fcn\u00fcn\u00fc g\u00fcne\u015fli ancak serin bir havayla kar\u015f\u0131lad\u0131.<\/p>\n<p>Y\u0131l\u0131n ilk g\u00fcn\u00fcnde hava s\u0131cakl\u0131\u011f\u0131n\u0131n 9-12 derece aras\u0131nda seyretti\u011fi K\u00f6yce\u011fiz\u2019de, r\u00fczgarl\u0131 havaya ra\u011fmen vatanda\u015flar g\u00fcne\u015fli havay\u0131 de\u011ferlendirdi. Y\u0131lba\u015f\u0131 tatilini f\u0131rsat bilen yerli ve yabanc\u0131 ziyaret\u00e7iler, il\u00e7enin en \u00e7ok tercih edilen noktalar\u0131ndan biri olan Atat\u00fcrk Kordonu\u2019nda yo\u011funluk olu\u015fturdu. So\u011fuk havaya kar\u015f\u0131 mont ve ceketleriyle \u00f6nlem alan vatanda\u015flar, K\u00f6yce\u011fiz G\u00f6l\u00fc manzaras\u0131 e\u015fli\u011finde y\u00fcr\u00fcy\u00fc\u015f yapt\u0131. Kimi ziyaret\u00e7iler g\u00f6l kenar\u0131nda vakit ge\u00e7irirken, baz\u0131lar\u0131 ise kafe ve i\u015fletmelerde oturarak yeni y\u0131l\u0131n ilk g\u00fcn\u00fcn\u00fcn tad\u0131n\u0131 \u00e7\u0131kard\u0131.<br \/><\/p>\n","protected":false},"excerpt":{"rendered":"<p>Mu\u011fla\u2019n\u0131n K\u00f6yce\u011fiz il\u00e7esi, 2026 y\u0131l\u0131n\u0131n ilk g\u00fcn\u00fcn\u00fc g\u00fcne\u015fli ancak serin bir havayla kar\u015f\u0131lad\u0131. Y\u0131l\u0131n ilk g\u00fcn\u00fcnde hava s\u0131cakl\u0131\u011f\u0131n\u0131n 9-12 derece aras\u0131nda seyretti\u011fi K\u00f6yce\u011fiz\u2019de, r\u00fczgarl\u0131 havaya ra\u011fmen vatanda\u015flar g\u00fcne\u015fli havay\u0131 de\u011ferlendirdi. Y\u0131lba\u015f\u0131 tatilini f\u0131rsat bilen yerli ve yabanc\u0131 ziyaret\u00e7iler, il\u00e7enin en \u00e7ok tercih edilen noktalar\u0131ndan biri olan Atat\u00fcrk Kordonu\u2019nda yo\u011funluk olu\u015fturdu. So\u011fuk havaya kar\u015f\u0131 mont ve&#8230;<\/p>\n","protected":false},"author":1,"featured_media":78050,"comment_status":"open","ping_status":"open","sticky":false,"template":"","format":"standard","meta":{"_crdt_document":"","footnotes":""},"categories":[1],"tags":[],"class_list":["post-78049","post","type-post","status-publish","format-standard","has-post-thumbnail","hentry","category-guncel"],"_links":{"self":[{"href":"https:\/\/www.egemtv.com\/index.php?rest_route=\/wp\/v2\/posts\/78049","targetHints":{"allow":["GET"]}}],"collection":[{"href":"https:\/\/www.egemtv.com\/index.php?rest_route=\/wp\/v2\/posts"}],"about":[{"href":"https:\/\/www.egemtv.com\/index.php?rest_route=\/wp\/v2\/types\/post"}],"author":[{"embeddable":true,"href":"https:\/\/www.egemtv.com\/index.php?rest_route=\/wp\/v2\/users\/1"}],"replies":[{"embeddable":true,"href":"https:\/\/www.egemtv.com\/index.php?rest_route=%2Fwp%2Fv2%2Fcomments&post=78049"}],"version-history":[{"count":1,"href":"https:\/\/www.egemtv.com\/index.php?rest_route=\/wp\/v2\/posts\/78049\/revisions"}],"predecessor-version":[{"id":78051,"href":"https:\/\/www.egemtv.com\/index.php?rest_route=\/wp\/v2\/posts\/78049\/revisions\/78051"}],"wp:featuredmedia":[{"embeddable":true,"href":"https:\/\/www.egemtv.com\/index.php?rest_route=\/wp\/v2\/media\/78050"}],"wp:attachment":[{"href":"https:\/\/www.egemtv.com\/index.php?rest_route=%2Fwp%2Fv2%2Fmedia&parent=78049"}],"wp:term":[{"taxonomy":"category","embeddable":true,"href":"https:\/\/www.egemtv.com\/index.php?rest_route=%2Fwp%2Fv2%2Fcategories&post=78049"},{"taxonomy":"post_tag","embeddable":true,"href":"https:\/\/www.egemtv.com\/index.php?rest_route=%2Fwp%2Fv2%2Ftags&post=78049"}],"curies":[{"name":"wp","href":"https:\/\/api.w.org\/{rel}","templated":true}]}}