{"id":78046,"date":"2026-01-01T16:34:39","date_gmt":"2026-01-01T13:34:39","guid":{"rendered":"https:\/\/www.egemtv.com\/?p=78046"},"modified":"2026-01-01T16:34:40","modified_gmt":"2026-01-01T13:34:40","slug":"askon-aydin-sube-baskani-gun-2026-yili-yenilikler-ve-buyume-icin-umut-veriyor","status":"publish","type":"post","link":"https:\/\/www.egemtv.com\/?p=78046","title":{"rendered":"ASKON Ayd\u0131n \u015eube Ba\u015fkan\u0131 G\u00fcn: &#8220;2026 y\u0131l\u0131, yenilikler ve b\u00fcy\u00fcme i\u00e7in umut veriyor&#8221;"},"content":{"rendered":"<p>Anadolu Aslanlar\u0131 \u0130\u015fadamlar\u0131 Derne\u011fi (ASKON) Ayd\u0131n \u015eube Ba\u015fkan\u0131 Murat G\u00fcn 2025 y\u0131l\u0131 de\u011ferlendirmesinde, hem T\u00fcrkiye hem de Ayd\u0131n i\u015f d\u00fcnyas\u0131nda ya\u015fanan s\u0131k\u0131nt\u0131lara ra\u011fmen y\u0131l\u0131n yenilikler ve f\u0131rsatlar a\u00e7\u0131s\u0131ndan g\u00fc\u00e7l\u00fc bir d\u00f6nem oldu\u011funun alt\u0131n\u0131 \u00e7izdi. G\u00fcn, k\u00fcresel ekonomik \u015fartlar\u0131n zaman zaman zorluklar olu\u015ftursa da T\u00fcrkiye ekonomisinin \u00fcretim g\u00fcc\u00fc, ihracat potansiyeli ve giri\u015fimcilik enerjisinin canl\u0131 kalmaya devam etti\u011fini belirtti.<\/p>\n<p>Ayd\u0131n i\u015f d\u00fcnyas\u0131nda, sanayi, tar\u0131m ve hizmet sekt\u00f6rlerinde yat\u0131r\u0131m i\u015ftah\u0131n\u0131n devam etti\u011fini, yeni giri\u015fimlerin filizlendi\u011fini ve \u015fehrin b\u00fcy\u00fcme iradesinin g\u00fc\u00e7lendi\u011fini ifade eden ASKON Ayd\u0131n \u015eube Ba\u015fkan\u0131 Murat G\u00fcn, &#8220;2025 y\u0131l\u0131, gerek \u00fclkemiz gerekse Ayd\u0131n i\u015f d\u00fcnyam\u0131z a\u00e7\u0131s\u0131ndan her ne kadar s\u0131k\u0131nt\u0131lar\u0131n ya\u015fand\u0131\u011f\u0131 d\u00f6nemler olsa da yeniliklerin, hareketlili\u011fin ve yeni f\u0131rsatlar\u0131n \u00f6ne \u00e7\u0131kt\u0131\u011f\u0131 bir y\u0131l oldu. K\u00fcresel \u015fartlarda zaman zaman zorluklar ya\u015fansa da T\u00fcrkiye ekonomisinin \u00fcretim g\u00fcc\u00fc, ihracat potansiyeli ve giri\u015fimcilik enerjisi canl\u0131l\u0131\u011f\u0131n\u0131 korudu. Ayd\u0131n\u2019da da sanayi, tar\u0131m ve hizmet sekt\u00f6rlerinde yat\u0131r\u0131m i\u015ftah\u0131n\u0131n s\u00fcrd\u00fc\u011f\u00fcn\u00fc, yeni giri\u015fimlerin filizlendi\u011fini ve b\u00fcy\u00fcme iradesinin g\u00fc\u00e7lendi\u011fini g\u00f6rmek bizlere umut verdi. ASKON Ayd\u0131n \u015eubesi olarak bu y\u0131l; \u00fcyelerimizin rekabet g\u00fcc\u00fcn\u00fc art\u0131racak ad\u0131mlara \u00f6nc\u00fcl\u00fck etmek, yeni ba\u011flant\u0131lar kurmalar\u0131n\u0131 sa\u011flamak ve i\u015f birli\u011fi k\u00fclt\u00fcr\u00fcn\u00fc geli\u015ftirmek ad\u0131na yo\u011fun bir \u00e7al\u0131\u015fma d\u00f6nemi ge\u00e7irdik. \u0130\u015f d\u00fcnyam\u0131z\u0131n dinamizmi ve \u00fcretim i\u015ftah\u0131, her \u015fartta \u2019daha iyiye gitme\u2019 kararl\u0131l\u0131\u011f\u0131m\u0131z\u0131 destekledi. 2026 y\u0131l\u0131ndan da beklentimiz; yat\u0131r\u0131m ortam\u0131n\u0131n daha da g\u00fc\u00e7lendi\u011fi, finansmana eri\u015fimin kolayla\u015ft\u0131\u011f\u0131, yenilik\u00e7i ad\u0131mlar\u0131n h\u0131z kazand\u0131\u011f\u0131 bir s\u00fcre\u00e7 ya\u015famak y\u00f6n\u00fcndedir. Ayd\u0131n\u2019\u0131n sahip oldu\u011fu do\u011fal g\u00fc\u00e7; tar\u0131m ve g\u0131dadan enerjiye, turizmden teknolojiye uzanan geni\u015f bir kalk\u0131nma potansiyeli sunuyor. Bu potansiyelin do\u011fru ad\u0131mlarla desteklendi\u011finde, \u015fehrimizin ve \u00fclkemizin b\u00fcy\u00fcme ivmesinin daha da y\u00fckselece\u011fine inan\u0131yoruz&#8221; dedi.<\/p>\n<p>\u00d6n\u00fcm\u00fczdeki d\u00f6nemde dijitalle\u015fme, ihracat art\u0131\u015f\u0131, markala\u015fma ve nitelikli istihdam alanlar\u0131nda \u00f6nemli f\u0131rsatlar g\u00f6rd\u00fcklerini belirten G\u00fcn, &#8220;ASKON Ayd\u0131n olarak 2026\u2019da da \u00fcreten, geli\u015ftiren, d\u00fcnyaya a\u00e7\u0131lan bir i\u015f d\u00fcnyas\u0131 i\u00e7in yol arkada\u015fl\u0131\u011f\u0131 yapmaya devam edece\u011fiz. Ayd\u0131n i\u015f d\u00fcnyas\u0131n\u0131n g\u00fcc\u00fcne, \u015fehrimizin potansiyeline ve \u00fclkemizin gelece\u011fine inan\u0131yoruz. 2026 y\u0131l\u0131n\u0131n; b\u00fcy\u00fcmenin, yeniliklerin ve bereketli \u00e7al\u0131\u015fmalar\u0131n y\u0131l\u0131 olmas\u0131n\u0131 temenni ederken, ayn\u0131 zamanda da d\u00fcnyada mazlumlar\u0131n, \u00e7ocuklar\u0131n \u00f6lmedi\u011fi Filistin\u2019de Gazze\u2019de Do\u011fu T\u00fcrkistan\u2019da ve t\u00fcm d\u00fcnyada zulm\u00fcn son bulmas\u0131n\u0131 diliyoruz&#8221; ifadelerine yer verdi.<br \/><\/p>\n","protected":false},"excerpt":{"rendered":"<p>Anadolu Aslanlar\u0131 \u0130\u015fadamlar\u0131 Derne\u011fi (ASKON) Ayd\u0131n \u015eube Ba\u015fkan\u0131 Murat G\u00fcn 2025 y\u0131l\u0131 de\u011ferlendirmesinde, hem T\u00fcrkiye hem de Ayd\u0131n i\u015f d\u00fcnyas\u0131nda ya\u015fanan s\u0131k\u0131nt\u0131lara ra\u011fmen y\u0131l\u0131n yenilikler ve f\u0131rsatlar a\u00e7\u0131s\u0131ndan g\u00fc\u00e7l\u00fc bir d\u00f6nem oldu\u011funun alt\u0131n\u0131 \u00e7izdi. G\u00fcn, k\u00fcresel ekonomik \u015fartlar\u0131n zaman zaman zorluklar olu\u015ftursa da T\u00fcrkiye ekonomisinin \u00fcretim g\u00fcc\u00fc, ihracat potansiyeli ve giri\u015fimcilik enerjisinin canl\u0131 kalmaya devam&#8230;<\/p>\n","protected":false},"author":1,"featured_media":78047,"comment_status":"open","ping_status":"open","sticky":false,"template":"","format":"standard","meta":{"_crdt_document":"","footnotes":""},"categories":[1],"tags":[],"class_list":["post-78046","post","type-post","status-publish","format-standard","has-post-thumbnail","hentry","category-guncel"],"_links":{"self":[{"href":"https:\/\/www.egemtv.com\/index.php?rest_route=\/wp\/v2\/posts\/78046","targetHints":{"allow":["GET"]}}],"collection":[{"href":"https:\/\/www.egemtv.com\/index.php?rest_route=\/wp\/v2\/posts"}],"about":[{"href":"https:\/\/www.egemtv.com\/index.php?rest_route=\/wp\/v2\/types\/post"}],"author":[{"embeddable":true,"href":"https:\/\/www.egemtv.com\/index.php?rest_route=\/wp\/v2\/users\/1"}],"replies":[{"embeddable":true,"href":"https:\/\/www.egemtv.com\/index.php?rest_route=%2Fwp%2Fv2%2Fcomments&post=78046"}],"version-history":[{"count":1,"href":"https:\/\/www.egemtv.com\/index.php?rest_route=\/wp\/v2\/posts\/78046\/revisions"}],"predecessor-version":[{"id":78048,"href":"https:\/\/www.egemtv.com\/index.php?rest_route=\/wp\/v2\/posts\/78046\/revisions\/78048"}],"wp:featuredmedia":[{"embeddable":true,"href":"https:\/\/www.egemtv.com\/index.php?rest_route=\/wp\/v2\/media\/78047"}],"wp:attachment":[{"href":"https:\/\/www.egemtv.com\/index.php?rest_route=%2Fwp%2Fv2%2Fmedia&parent=78046"}],"wp:term":[{"taxonomy":"category","embeddable":true,"href":"https:\/\/www.egemtv.com\/index.php?rest_route=%2Fwp%2Fv2%2Fcategories&post=78046"},{"taxonomy":"post_tag","embeddable":true,"href":"https:\/\/www.egemtv.com\/index.php?rest_route=%2Fwp%2Fv2%2Ftags&post=78046"}],"curies":[{"name":"wp","href":"https:\/\/api.w.org\/{rel}","templated":true}]}}