{"id":78028,"date":"2026-01-01T15:14:51","date_gmt":"2026-01-01T12:14:51","guid":{"rendered":"https:\/\/www.egemtv.com\/?p=78028"},"modified":"2026-01-01T15:14:52","modified_gmt":"2026-01-01T12:14:52","slug":"sarigolde-2025-yili-uzumleri-dalinda-bekletip-2026nin-ilk-gunu-hediye-etti","status":"publish","type":"post","link":"https:\/\/www.egemtv.com\/?p=78028","title":{"rendered":"Sar\u0131g\u00f6l\u2019de 2025 y\u0131l\u0131 \u00fcz\u00fcmleri dal\u0131nda bekletip 2026\u2019n\u0131n ilk g\u00fcn\u00fc hediye etti"},"content":{"rendered":"<p>Manisa\u2019n\u0131n Sar\u0131g\u00f6l il\u00e7esinde bir \u00fcz\u00fcm \u00fcreticisi, 2025 y\u0131l\u0131 Red Globe \u00fcz\u00fcmlerini dal\u0131nda taze \u015fekilde muhafaza ederek 2026 y\u0131l\u0131n\u0131n ilk g\u00fcn\u00fcnde e\u015fe, dosta ve kom\u015fular\u0131na hediye etti. Uygulama hem ekonomik hem de \u00f6rnek bir dayan\u0131\u015fma modeli olarak dikkat \u00e7ekti.<br \/>\n<br \/>Manisa\u2019n\u0131n Sar\u0131g\u00f6l il\u00e7esinde son y\u0131llarda \u00fcz\u00fcmlerin dal\u0131nda uzun s\u00fcre taze \u015fekilde muhafaza edilmesi uygulamas\u0131n\u0131 benimseyen \u00fcreticilerin say\u0131s\u0131 art\u0131yor. Ge\u00e7ti\u011fimiz y\u0131llarda \u00fcretici Musa Tokdemir\u2019in ba\u015flatt\u0131\u011f\u0131 bu uygulamaya, bu y\u0131l Sar\u0131g\u00f6l\u2019\u00fcn Emcelli Mahallesi\u2019nden \u00fcz\u00fcm \u00fcreticisi Osman Tosun da kat\u0131ld\u0131.<br \/>\n<br \/>Ba\u011f\u0131nda 10 asma Red Globe \u00fcz\u00fcm\u00fc ay\u0131ran Osman Tosun, \u00fcz\u00fcmlerini sezonunda kilosu 30 liradan satt\u0131ktan sonra bir k\u0131sm\u0131n\u0131 dal\u0131nda bekletmeye ba\u015flad\u0131. Asmalarda yapraklar\u0131n neredeyse tamamen d\u00f6k\u00fclmesine ra\u011fmen \u00fcz\u00fcmlerin dal\u0131nda sa\u011flam ve taze kalmas\u0131 dikkat \u00e7ekti.<br \/>\n<br \/>Yeni y\u0131l\u0131n ilk g\u00fcn\u00fcnde dal\u0131ndan kesti\u011fi \u00fcz\u00fcmleri konu kom\u015fuya hediye eden Tosun, yapt\u0131\u011f\u0131 uygulaman\u0131n hem kendisini hem de \u00e7evresini mutlu etti\u011fini belirtti.<br \/>\n<br \/>Osman Tosun, &#8220;Bu y\u0131l Red Globe \u00fcz\u00fcmlerimi ba\u011f\u0131mda beklettim. 2026 y\u0131l\u0131n\u0131n ilk g\u00fcn\u00fc, d\u00fcn kesti\u011fim \u00fcz\u00fcmleri e\u015fe, dosta ve kom\u015fulara y\u0131lba\u015f\u0131 hediyesi olarak da\u011f\u0131tmaya ba\u015flad\u0131m. \u00dcz\u00fcmlerde en ufak bir bozulma bile olmad\u0131. Da\u011f\u0131tt\u0131\u011f\u0131m \u00fcz\u00fcmler makbule ge\u00e7ti. Bir yerde \u00fcr\u00fcn\u00fcm\u00fcn sadakas\u0131n\u0131 vermi\u015f oldum&#8221; dedi.<br \/>\n<br \/>Dal\u0131nda bekletilen \u00fcz\u00fcmler, hem tazeli\u011fi hem de yeni y\u0131l hediyesi olmas\u0131yla \u00e7evrede ilgi g\u00f6rd\u00fc.<br \/><\/p>\n","protected":false},"excerpt":{"rendered":"<p>Manisa\u2019n\u0131n Sar\u0131g\u00f6l il\u00e7esinde bir \u00fcz\u00fcm \u00fcreticisi, 2025 y\u0131l\u0131 Red Globe \u00fcz\u00fcmlerini dal\u0131nda taze \u015fekilde muhafaza ederek 2026 y\u0131l\u0131n\u0131n ilk g\u00fcn\u00fcnde e\u015fe, dosta ve kom\u015fular\u0131na hediye etti. Uygulama hem ekonomik hem de \u00f6rnek bir dayan\u0131\u015fma modeli olarak dikkat \u00e7ekti. Manisa\u2019n\u0131n Sar\u0131g\u00f6l il\u00e7esinde son y\u0131llarda \u00fcz\u00fcmlerin dal\u0131nda uzun s\u00fcre taze \u015fekilde muhafaza edilmesi uygulamas\u0131n\u0131 benimseyen \u00fcreticilerin say\u0131s\u0131&#8230;<\/p>\n","protected":false},"author":1,"featured_media":78029,"comment_status":"open","ping_status":"open","sticky":false,"template":"","format":"standard","meta":{"_crdt_document":"","footnotes":""},"categories":[125],"tags":[],"class_list":["post-78028","post","type-post","status-publish","format-standard","has-post-thumbnail","hentry","category-ekonomi"],"_links":{"self":[{"href":"https:\/\/www.egemtv.com\/index.php?rest_route=\/wp\/v2\/posts\/78028","targetHints":{"allow":["GET"]}}],"collection":[{"href":"https:\/\/www.egemtv.com\/index.php?rest_route=\/wp\/v2\/posts"}],"about":[{"href":"https:\/\/www.egemtv.com\/index.php?rest_route=\/wp\/v2\/types\/post"}],"author":[{"embeddable":true,"href":"https:\/\/www.egemtv.com\/index.php?rest_route=\/wp\/v2\/users\/1"}],"replies":[{"embeddable":true,"href":"https:\/\/www.egemtv.com\/index.php?rest_route=%2Fwp%2Fv2%2Fcomments&post=78028"}],"version-history":[{"count":1,"href":"https:\/\/www.egemtv.com\/index.php?rest_route=\/wp\/v2\/posts\/78028\/revisions"}],"predecessor-version":[{"id":78030,"href":"https:\/\/www.egemtv.com\/index.php?rest_route=\/wp\/v2\/posts\/78028\/revisions\/78030"}],"wp:featuredmedia":[{"embeddable":true,"href":"https:\/\/www.egemtv.com\/index.php?rest_route=\/wp\/v2\/media\/78029"}],"wp:attachment":[{"href":"https:\/\/www.egemtv.com\/index.php?rest_route=%2Fwp%2Fv2%2Fmedia&parent=78028"}],"wp:term":[{"taxonomy":"category","embeddable":true,"href":"https:\/\/www.egemtv.com\/index.php?rest_route=%2Fwp%2Fv2%2Fcategories&post=78028"},{"taxonomy":"post_tag","embeddable":true,"href":"https:\/\/www.egemtv.com\/index.php?rest_route=%2Fwp%2Fv2%2Ftags&post=78028"}],"curies":[{"name":"wp","href":"https:\/\/api.w.org\/{rel}","templated":true}]}}