{"id":78025,"date":"2026-01-01T14:34:51","date_gmt":"2026-01-01T11:34:51","guid":{"rendered":"https:\/\/www.egemtv.com\/?p=78025"},"modified":"2026-01-01T14:34:55","modified_gmt":"2026-01-01T11:34:55","slug":"madran-dagi-zirvesi-beyaza-burundu","status":"publish","type":"post","link":"https:\/\/www.egemtv.com\/?p=78025","title":{"rendered":"Madran Da\u011f\u0131 zirvesi beyaza b\u00fcr\u00fcnd\u00fc"},"content":{"rendered":"<p>Ayd\u0131n\u2019\u0131n Bozdo\u011fan il\u00e7esinde yeni y\u0131l\u0131n ilk g\u00fcn\u00fcyle birlikte beklenen k\u0131\u015f manzaras\u0131 y\u00fcz\u00fcn\u00fc g\u00f6sterdi. \u0130l\u00e7e merkezinde kar ya\u011f\u0131\u015f\u0131 g\u00f6r\u00fclmezken, Bozdo\u011fan\u2019\u0131n simgesi konumundaki Madran Da\u011f\u0131\u2019n\u0131n zirvesi etkili olan so\u011fuk hava dalgas\u0131yla birlikte beyaza b\u00fcr\u00fcnd\u00fc.<\/p>\n<p>2026 y\u0131l\u0131n\u0131n ilk sabah\u0131na uyanan Bozdo\u011fanl\u0131lar, Madran Da\u011f\u0131\u2019nda olu\u015fan kartpostall\u0131k g\u00f6r\u00fcnt\u00fclerle kar\u015f\u0131la\u015ft\u0131. Y\u00fcksek kesimlerde etkisini g\u00f6steren so\u011fuk hava, Madran\u2019\u0131n zirvesine sezonun ilk kar\u0131n\u0131 d\u00fc\u015f\u00fcrd\u00fc. K\u0131\u015f mevsiminin \u2019beyaz gelinli\u011fi\u2019 yeni y\u0131l\u0131n ilk g\u00fcn\u00fcnde Madran Da\u011f\u0131\u2019n\u0131 s\u00fcsledi. Ortaya \u00e7\u0131kan kar manzaras\u0131 g\u00f6rsel bir \u015f\u00f6len sunarken, ya\u011f\u0131\u015f\u0131n b\u00f6lge i\u00e7in ta\u015f\u0131d\u0131\u011f\u0131 \u00f6nem de dikkat \u00e7ekti. Vatanda\u015flar y\u00fcksek kesimlerdeki kar birikiminin yeralt\u0131 su kaynaklar\u0131n\u0131 besleyece\u011fini, tar\u0131m arazilerinde verimi art\u0131raca\u011f\u0131n\u0131 ve b\u00f6lgenin su rezervlerine olumlu katk\u0131 sa\u011flayaca\u011f\u0131n\u0131 belirtti. Kar ya\u011f\u0131\u015f\u0131n\u0131n \u00f6n\u00fcm\u00fczdeki g\u00fcnlerde de y\u00fcksek kesimlerde aral\u0131klarla etkisini s\u00fcrd\u00fcrmesi bekleniyor.<br \/><\/p>\n","protected":false},"excerpt":{"rendered":"<p>Ayd\u0131n\u2019\u0131n Bozdo\u011fan il\u00e7esinde yeni y\u0131l\u0131n ilk g\u00fcn\u00fcyle birlikte beklenen k\u0131\u015f manzaras\u0131 y\u00fcz\u00fcn\u00fc g\u00f6sterdi. \u0130l\u00e7e merkezinde kar ya\u011f\u0131\u015f\u0131 g\u00f6r\u00fclmezken, Bozdo\u011fan\u2019\u0131n simgesi konumundaki Madran Da\u011f\u0131\u2019n\u0131n zirvesi etkili olan so\u011fuk hava dalgas\u0131yla birlikte beyaza b\u00fcr\u00fcnd\u00fc. 2026 y\u0131l\u0131n\u0131n ilk sabah\u0131na uyanan Bozdo\u011fanl\u0131lar, Madran Da\u011f\u0131\u2019nda olu\u015fan kartpostall\u0131k g\u00f6r\u00fcnt\u00fclerle kar\u015f\u0131la\u015ft\u0131. Y\u00fcksek kesimlerde etkisini g\u00f6steren so\u011fuk hava, Madran\u2019\u0131n zirvesine sezonun ilk kar\u0131n\u0131&#8230;<\/p>\n","protected":false},"author":1,"featured_media":78026,"comment_status":"open","ping_status":"open","sticky":false,"template":"","format":"standard","meta":{"_crdt_document":"","footnotes":""},"categories":[1],"tags":[],"class_list":["post-78025","post","type-post","status-publish","format-standard","has-post-thumbnail","hentry","category-guncel"],"_links":{"self":[{"href":"https:\/\/www.egemtv.com\/index.php?rest_route=\/wp\/v2\/posts\/78025","targetHints":{"allow":["GET"]}}],"collection":[{"href":"https:\/\/www.egemtv.com\/index.php?rest_route=\/wp\/v2\/posts"}],"about":[{"href":"https:\/\/www.egemtv.com\/index.php?rest_route=\/wp\/v2\/types\/post"}],"author":[{"embeddable":true,"href":"https:\/\/www.egemtv.com\/index.php?rest_route=\/wp\/v2\/users\/1"}],"replies":[{"embeddable":true,"href":"https:\/\/www.egemtv.com\/index.php?rest_route=%2Fwp%2Fv2%2Fcomments&post=78025"}],"version-history":[{"count":1,"href":"https:\/\/www.egemtv.com\/index.php?rest_route=\/wp\/v2\/posts\/78025\/revisions"}],"predecessor-version":[{"id":78027,"href":"https:\/\/www.egemtv.com\/index.php?rest_route=\/wp\/v2\/posts\/78025\/revisions\/78027"}],"wp:featuredmedia":[{"embeddable":true,"href":"https:\/\/www.egemtv.com\/index.php?rest_route=\/wp\/v2\/media\/78026"}],"wp:attachment":[{"href":"https:\/\/www.egemtv.com\/index.php?rest_route=%2Fwp%2Fv2%2Fmedia&parent=78025"}],"wp:term":[{"taxonomy":"category","embeddable":true,"href":"https:\/\/www.egemtv.com\/index.php?rest_route=%2Fwp%2Fv2%2Fcategories&post=78025"},{"taxonomy":"post_tag","embeddable":true,"href":"https:\/\/www.egemtv.com\/index.php?rest_route=%2Fwp%2Fv2%2Ftags&post=78025"}],"curies":[{"name":"wp","href":"https:\/\/api.w.org\/{rel}","templated":true}]}}