{"id":78022,"date":"2026-01-01T14:14:56","date_gmt":"2026-01-01T11:14:56","guid":{"rendered":"https:\/\/www.egemtv.com\/?p=78022"},"modified":"2026-01-01T14:14:56","modified_gmt":"2026-01-01T11:14:56","slug":"manisada-alkol-satisi-ve-sunumuna-siki-denetim","status":"publish","type":"post","link":"https:\/\/www.egemtv.com\/?p=78022","title":{"rendered":"Manisa\u2019da alkol sat\u0131\u015f\u0131 ve sunumuna s\u0131k\u0131 denetim"},"content":{"rendered":"<p>Manisa\u2019n\u0131n huzuru ve halk sa\u011fl\u0131\u011f\u0131n\u0131n korunmas\u0131 amac\u0131yla y\u0131lba\u015f\u0131 tedbirleri kapsam\u0131nda alkol sat\u0131\u015f\u0131 ve sunumu yapan i\u015f yerlerine y\u00f6nelik geni\u015f \u00e7apl\u0131 denetimler ger\u00e7ekle\u015ftirildi.<br \/>\n<br \/>Ka\u00e7ak\u00e7\u0131l\u0131k ve Organize Su\u00e7larla M\u00fccadele \u015eube M\u00fcd\u00fcrl\u00fc\u011f\u00fc koordinesinde y\u00fcr\u00fct\u00fclen \u00e7al\u0131\u015fmalara Asayi\u015f \u015eube M\u00fcd\u00fcrl\u00fc\u011f\u00fc, Tar\u0131m ve Orman \u0130l M\u00fcd\u00fcrl\u00fc\u011f\u00fc ile Manisa B\u00fcy\u00fck\u015fehir Belediyesi Zab\u0131ta M\u00fcd\u00fcrl\u00fc\u011f\u00fc ekipleri kat\u0131ld\u0131.<br \/>\n<br \/>Manisa\u2019da 28 ekip ve 70 personelin g\u00f6rev ald\u0131\u011f\u0131 m\u00fc\u015fterek denetimlerde, \u015eehzadeler ve Yunusemre il\u00e7elerinde faaliyet g\u00f6steren 137 tekel b\u00fcfe ile 58 alkol sunumu yapan i\u015f yeri kontrol edildi. Denetimlerde i\u015f yerlerinin ruhsat, sat\u0131\u015f ve sunum \u015fartlar\u0131 ile mevzuata uygunluklar\u0131 incelenirken, kurallara uymayan i\u015fletmelere gerekli uyar\u0131 ve ikazlar yap\u0131ld\u0131. Eksik evrak\u0131 bulunan i\u015f yerleri hakk\u0131nda ise tutanak tanzim edildi.<br \/><\/p>\n","protected":false},"excerpt":{"rendered":"<p>Manisa\u2019n\u0131n huzuru ve halk sa\u011fl\u0131\u011f\u0131n\u0131n korunmas\u0131 amac\u0131yla y\u0131lba\u015f\u0131 tedbirleri kapsam\u0131nda alkol sat\u0131\u015f\u0131 ve sunumu yapan i\u015f yerlerine y\u00f6nelik geni\u015f \u00e7apl\u0131 denetimler ger\u00e7ekle\u015ftirildi. Ka\u00e7ak\u00e7\u0131l\u0131k ve Organize Su\u00e7larla M\u00fccadele \u015eube M\u00fcd\u00fcrl\u00fc\u011f\u00fc koordinesinde y\u00fcr\u00fct\u00fclen \u00e7al\u0131\u015fmalara Asayi\u015f \u015eube M\u00fcd\u00fcrl\u00fc\u011f\u00fc, Tar\u0131m ve Orman \u0130l M\u00fcd\u00fcrl\u00fc\u011f\u00fc ile Manisa B\u00fcy\u00fck\u015fehir Belediyesi Zab\u0131ta M\u00fcd\u00fcrl\u00fc\u011f\u00fc ekipleri kat\u0131ld\u0131. Manisa\u2019da 28 ekip ve 70 personelin g\u00f6rev&#8230;<\/p>\n","protected":false},"author":1,"featured_media":78023,"comment_status":"open","ping_status":"open","sticky":false,"template":"","format":"standard","meta":{"_crdt_document":"","footnotes":""},"categories":[5],"tags":[],"class_list":["post-78022","post","type-post","status-publish","format-standard","has-post-thumbnail","hentry","category-asayis"],"_links":{"self":[{"href":"https:\/\/www.egemtv.com\/index.php?rest_route=\/wp\/v2\/posts\/78022","targetHints":{"allow":["GET"]}}],"collection":[{"href":"https:\/\/www.egemtv.com\/index.php?rest_route=\/wp\/v2\/posts"}],"about":[{"href":"https:\/\/www.egemtv.com\/index.php?rest_route=\/wp\/v2\/types\/post"}],"author":[{"embeddable":true,"href":"https:\/\/www.egemtv.com\/index.php?rest_route=\/wp\/v2\/users\/1"}],"replies":[{"embeddable":true,"href":"https:\/\/www.egemtv.com\/index.php?rest_route=%2Fwp%2Fv2%2Fcomments&post=78022"}],"version-history":[{"count":1,"href":"https:\/\/www.egemtv.com\/index.php?rest_route=\/wp\/v2\/posts\/78022\/revisions"}],"predecessor-version":[{"id":78024,"href":"https:\/\/www.egemtv.com\/index.php?rest_route=\/wp\/v2\/posts\/78022\/revisions\/78024"}],"wp:featuredmedia":[{"embeddable":true,"href":"https:\/\/www.egemtv.com\/index.php?rest_route=\/wp\/v2\/media\/78023"}],"wp:attachment":[{"href":"https:\/\/www.egemtv.com\/index.php?rest_route=%2Fwp%2Fv2%2Fmedia&parent=78022"}],"wp:term":[{"taxonomy":"category","embeddable":true,"href":"https:\/\/www.egemtv.com\/index.php?rest_route=%2Fwp%2Fv2%2Fcategories&post=78022"},{"taxonomy":"post_tag","embeddable":true,"href":"https:\/\/www.egemtv.com\/index.php?rest_route=%2Fwp%2Fv2%2Ftags&post=78022"}],"curies":[{"name":"wp","href":"https:\/\/api.w.org\/{rel}","templated":true}]}}