{"id":78019,"date":"2026-01-01T14:14:55","date_gmt":"2026-01-01T11:14:55","guid":{"rendered":"https:\/\/www.egemtv.com\/?p=78019"},"modified":"2026-01-01T14:14:56","modified_gmt":"2026-01-01T11:14:56","slug":"hisarcik-ve-emetten-yeni-yilin-ilk-umre-kafilesi-dualarla-ugurlandi","status":"publish","type":"post","link":"https:\/\/www.egemtv.com\/?p=78019","title":{"rendered":"Hisarc\u0131k ve Emet\u2019ten yeni y\u0131l\u0131n ilk umre kafilesi dualarla u\u011furland\u0131"},"content":{"rendered":"<p>K\u00fctahya\u2019n\u0131n Hisarc\u0131k ve Emet il\u00e7elerinden, Diyanet \u0130\u015fleri Ba\u015fkanl\u0131\u011f\u0131 organizasyonuyla umreye gidecek olan yeni y\u0131l\u0131n ilk umre kafilesi, d\u00fczenlenen t\u00f6renlerle kutsal topraklara u\u011furland\u0131. Toplam 89 ki\u015fiden olu\u015fan kafile, dualar ve g\u00f6zya\u015flar\u0131 e\u015fli\u011finde yolcu edildi.<br \/>\n<br \/>Hisarc\u0131k il\u00e7esinde, Yenido\u011fan Camii \u0130mam Hatibi Hasan Ali Y\u0131lmaz rehberli\u011finde umreye gidecek 33 ki\u015filik grup i\u00e7in Hisarc\u0131k \u00c7ar\u015f\u0131 Camii \u00f6n\u00fcnde u\u011furlama t\u00f6reni d\u00fczenlendi. T\u00f6rende din g\u00f6revlileri taraf\u0131ndan Kur\u2019an-\u0131 Kerim tilaveti yap\u0131ld\u0131. \u0130l\u00e7e M\u00fcft\u00fcs\u00fc H\u00fcseyin Demirci\u2019nin yapt\u0131\u011f\u0131 duan\u0131n ard\u0131ndan umre yolcular\u0131, yak\u0131nlar\u0131yla vedala\u015farak kutsal topraklara u\u011furland\u0131.<br \/>\n<br \/>Emet il\u00e7esinde ise \u0130l\u00e7e M\u00fcft\u00fcl\u00fc\u011f\u00fc Hac ve Umre Koordinat\u00f6r\u00fc Ferhat Y\u0131ld\u0131r\u0131m rehberli\u011finde umreye gidecek 56 ki\u015filik kafile i\u00e7in \u00c7avu\u015fo\u011flu Camii\u2019nde u\u011furlama program\u0131 ger\u00e7ekle\u015ftirildi. \u0130l\u00e7e M\u00fcft\u00fcs\u00fc \u0130smail \u00c7\u0131nar taraf\u0131ndan dua edildi. Dualar\u0131n ard\u0131ndan umre yolcular\u0131, yak\u0131nlar\u0131yla helalle\u015fip vedala\u015farak g\u00f6zya\u015flar\u0131 i\u00e7inde kutsal topraklara u\u011furland\u0131.<br \/><\/p>\n","protected":false},"excerpt":{"rendered":"<p>K\u00fctahya\u2019n\u0131n Hisarc\u0131k ve Emet il\u00e7elerinden, Diyanet \u0130\u015fleri Ba\u015fkanl\u0131\u011f\u0131 organizasyonuyla umreye gidecek olan yeni y\u0131l\u0131n ilk umre kafilesi, d\u00fczenlenen t\u00f6renlerle kutsal topraklara u\u011furland\u0131. Toplam 89 ki\u015fiden olu\u015fan kafile, dualar ve g\u00f6zya\u015flar\u0131 e\u015fli\u011finde yolcu edildi. Hisarc\u0131k il\u00e7esinde, Yenido\u011fan Camii \u0130mam Hatibi Hasan Ali Y\u0131lmaz rehberli\u011finde umreye gidecek 33 ki\u015filik grup i\u00e7in Hisarc\u0131k \u00c7ar\u015f\u0131 Camii \u00f6n\u00fcnde u\u011furlama t\u00f6reni&#8230;<\/p>\n","protected":false},"author":1,"featured_media":78020,"comment_status":"open","ping_status":"open","sticky":false,"template":"","format":"standard","meta":{"_crdt_document":"","footnotes":""},"categories":[123],"tags":[],"class_list":["post-78019","post","type-post","status-publish","format-standard","has-post-thumbnail","hentry","category-gundem"],"_links":{"self":[{"href":"https:\/\/www.egemtv.com\/index.php?rest_route=\/wp\/v2\/posts\/78019","targetHints":{"allow":["GET"]}}],"collection":[{"href":"https:\/\/www.egemtv.com\/index.php?rest_route=\/wp\/v2\/posts"}],"about":[{"href":"https:\/\/www.egemtv.com\/index.php?rest_route=\/wp\/v2\/types\/post"}],"author":[{"embeddable":true,"href":"https:\/\/www.egemtv.com\/index.php?rest_route=\/wp\/v2\/users\/1"}],"replies":[{"embeddable":true,"href":"https:\/\/www.egemtv.com\/index.php?rest_route=%2Fwp%2Fv2%2Fcomments&post=78019"}],"version-history":[{"count":1,"href":"https:\/\/www.egemtv.com\/index.php?rest_route=\/wp\/v2\/posts\/78019\/revisions"}],"predecessor-version":[{"id":78021,"href":"https:\/\/www.egemtv.com\/index.php?rest_route=\/wp\/v2\/posts\/78019\/revisions\/78021"}],"wp:featuredmedia":[{"embeddable":true,"href":"https:\/\/www.egemtv.com\/index.php?rest_route=\/wp\/v2\/media\/78020"}],"wp:attachment":[{"href":"https:\/\/www.egemtv.com\/index.php?rest_route=%2Fwp%2Fv2%2Fmedia&parent=78019"}],"wp:term":[{"taxonomy":"category","embeddable":true,"href":"https:\/\/www.egemtv.com\/index.php?rest_route=%2Fwp%2Fv2%2Fcategories&post=78019"},{"taxonomy":"post_tag","embeddable":true,"href":"https:\/\/www.egemtv.com\/index.php?rest_route=%2Fwp%2Fv2%2Ftags&post=78019"}],"curies":[{"name":"wp","href":"https:\/\/api.w.org\/{rel}","templated":true}]}}