{"id":77815,"date":"2025-12-31T14:54:53","date_gmt":"2025-12-31T11:54:53","guid":{"rendered":"https:\/\/www.egemtv.com\/?p=77815"},"modified":"2025-12-31T14:54:54","modified_gmt":"2025-12-31T11:54:54","slug":"denizli-defterdarligindan-siki-yilbasi-denetimi","status":"publish","type":"post","link":"https:\/\/www.egemtv.com\/?p=77815","title":{"rendered":"Denizli Defterdarl\u0131\u011f\u0131ndan s\u0131k\u0131 y\u0131lba\u015f\u0131 denetimi"},"content":{"rendered":"<p>Denizli Defterdarl\u0131\u011f\u0131, y\u0131lba\u015f\u0131 gecesi artan e\u011flence ve t\u00fcketim yo\u011funlu\u011fu nedeniyle kent genelinde geni\u015f kapsaml\u0131 vergi denetimleri ger\u00e7ekle\u015ftirecek. 31 Aral\u0131k gecesi ba\u015flayacak denetimler, yeni y\u0131l\u0131n ilk saatlerine kadar aral\u0131ks\u0131z devam edecek.<\/p>\n<p>Denizli Defterdarl\u0131\u011f\u0131nca y\u0131lba\u015f\u0131 tedbirleri kapsam\u0131nda olu\u015fturulan denetim ekipleri; il merkezi ve il\u00e7elerde faaliyet g\u00f6steren alkoll\u00fc ve alkols\u00fcz e\u011flence mekanlar\u0131, restoranlar, kafeler, barlar, oteller ve perakende sat\u0131\u015f noktalar\u0131nda sahada olacak. Denetimlerde, i\u015fletmelerin vergi mevzuat\u0131na uygunlu\u011fu titizlikle incelenecek. Ger\u00e7ekle\u015ftirilecek denetimlerde \u00f6zellikle yazar kasa kullan\u0131m\u0131, fi\u015f ve fatura d\u00fczeni, belge d\u00fczenine uyum ve kay\u0131t d\u0131\u015f\u0131 sat\u0131\u015flar mercek alt\u0131na al\u0131nacak. Vergi kay\u0131p ve ka\u00e7a\u011f\u0131n\u0131n \u00f6nlenmesi amac\u0131yla yap\u0131lan kontrollerde, mevzuata ayk\u0131r\u0131 uygulamalara kar\u015f\u0131 gerekli idari yapt\u0131r\u0131mlar\u0131n gecikmeksizin uygulanaca\u011f\u0131 bildirildi.<\/p>\n<p>Ka\u00e7ak alkole kar\u015f\u0131 \u00f6zel hassasiyet<br \/>\n<br \/>Denetimlerin bir di\u011fer \u00f6nemli aya\u011f\u0131n\u0131 ise halk sa\u011fl\u0131\u011f\u0131n\u0131 tehdit eden ka\u00e7ak ve sahte alkolle m\u00fccadele olu\u015fturuyor. Ekipler, i\u015fletmelerde bulundurulan alkoll\u00fc \u00fcr\u00fcnlerin bandrol, fatura ve yasal tedarik zinciri kontrollerini yapacak. Ka\u00e7ak alkol bulunduruldu\u011funa dair \u015f\u00fcphede detayl\u0131 inceleme yap\u0131laca\u011f\u0131, gerekti\u011finde kolluk kuvvetleriyle koordinasyon sa\u011flanaca\u011f\u0131 \u00f6\u011frenildi.<\/p>\n<p>Denetimler gece boyunca s\u00fcrecek<br \/>\n<br \/>Denizli Defterdarl\u0131\u011f\u0131 yetkilileri, y\u0131lba\u015f\u0131 gecesi yap\u0131lacak denetimlerin sadece cezai i\u015flem odakl\u0131 olmad\u0131\u011f\u0131n\u0131, ayn\u0131 zamanda kay\u0131tl\u0131 ekonominin g\u00fc\u00e7lendirilmesi ve haks\u0131z rekabetin \u00f6nlenmesini ama\u00e7lad\u0131\u011f\u0131n\u0131 vurgulad\u0131. Vatanda\u015flar\u0131n g\u00fcvenli bir \u015fekilde yeni y\u0131la girmesi i\u00e7in denetimlerin b\u00fcy\u00fck bir titizlikle s\u00fcrd\u00fcr\u00fclece\u011fi ifade edildi. Yetkililer, i\u015fletmelere mevzuata uygun hareket etmeleri \u00e7a\u011fr\u0131s\u0131nda bulunurken, vatanda\u015flardan da belge almadan al\u0131\u015fveri\u015f yapmamalar\u0131 ve \u015f\u00fcpheli durumlar\u0131 ilgili kurumlara bildirmeleri istendi.<br \/><\/p>\n","protected":false},"excerpt":{"rendered":"<p>Denizli Defterdarl\u0131\u011f\u0131, y\u0131lba\u015f\u0131 gecesi artan e\u011flence ve t\u00fcketim yo\u011funlu\u011fu nedeniyle kent genelinde geni\u015f kapsaml\u0131 vergi denetimleri ger\u00e7ekle\u015ftirecek. 31 Aral\u0131k gecesi ba\u015flayacak denetimler, yeni y\u0131l\u0131n ilk saatlerine kadar aral\u0131ks\u0131z devam edecek. Denizli Defterdarl\u0131\u011f\u0131nca y\u0131lba\u015f\u0131 tedbirleri kapsam\u0131nda olu\u015fturulan denetim ekipleri; il merkezi ve il\u00e7elerde faaliyet g\u00f6steren alkoll\u00fc ve alkols\u00fcz e\u011flence mekanlar\u0131, restoranlar, kafeler, barlar, oteller ve perakende&#8230;<\/p>\n","protected":false},"author":1,"featured_media":77816,"comment_status":"open","ping_status":"open","sticky":false,"template":"","format":"standard","meta":{"_crdt_document":"","footnotes":""},"categories":[5],"tags":[],"class_list":["post-77815","post","type-post","status-publish","format-standard","has-post-thumbnail","hentry","category-asayis"],"_links":{"self":[{"href":"https:\/\/www.egemtv.com\/index.php?rest_route=\/wp\/v2\/posts\/77815","targetHints":{"allow":["GET"]}}],"collection":[{"href":"https:\/\/www.egemtv.com\/index.php?rest_route=\/wp\/v2\/posts"}],"about":[{"href":"https:\/\/www.egemtv.com\/index.php?rest_route=\/wp\/v2\/types\/post"}],"author":[{"embeddable":true,"href":"https:\/\/www.egemtv.com\/index.php?rest_route=\/wp\/v2\/users\/1"}],"replies":[{"embeddable":true,"href":"https:\/\/www.egemtv.com\/index.php?rest_route=%2Fwp%2Fv2%2Fcomments&post=77815"}],"version-history":[{"count":1,"href":"https:\/\/www.egemtv.com\/index.php?rest_route=\/wp\/v2\/posts\/77815\/revisions"}],"predecessor-version":[{"id":77817,"href":"https:\/\/www.egemtv.com\/index.php?rest_route=\/wp\/v2\/posts\/77815\/revisions\/77817"}],"wp:featuredmedia":[{"embeddable":true,"href":"https:\/\/www.egemtv.com\/index.php?rest_route=\/wp\/v2\/media\/77816"}],"wp:attachment":[{"href":"https:\/\/www.egemtv.com\/index.php?rest_route=%2Fwp%2Fv2%2Fmedia&parent=77815"}],"wp:term":[{"taxonomy":"category","embeddable":true,"href":"https:\/\/www.egemtv.com\/index.php?rest_route=%2Fwp%2Fv2%2Fcategories&post=77815"},{"taxonomy":"post_tag","embeddable":true,"href":"https:\/\/www.egemtv.com\/index.php?rest_route=%2Fwp%2Fv2%2Ftags&post=77815"}],"curies":[{"name":"wp","href":"https:\/\/api.w.org\/{rel}","templated":true}]}}