{"id":77812,"date":"2025-12-31T14:54:52","date_gmt":"2025-12-31T11:54:52","guid":{"rendered":"https:\/\/www.egemtv.com\/?p=77812"},"modified":"2025-12-31T14:54:53","modified_gmt":"2025-12-31T11:54:53","slug":"askiden-didime-40-milyonluk-yatirim","status":"publish","type":"post","link":"https:\/\/www.egemtv.com\/?p=77812","title":{"rendered":"ASK\u0130\u2019den Didim\u2019e 40 milyonluk yat\u0131r\u0131m"},"content":{"rendered":"<p>Ayd\u0131n B\u00fcy\u00fck\u015fehir Belediye Ba\u015fkan\u0131 \u00d6zlem \u00c7er\u00e7io\u011flu\u2019nun talimatlar\u0131 do\u011frultusunda, Ayd\u0131n B\u00fcy\u00fck\u015fehir Belediyesi ile ASK\u0130 Genel M\u00fcd\u00fcrl\u00fc\u011f\u00fc taraf\u0131ndan kentin 17 il\u00e7esinin tamam\u0131nda s\u00fcrd\u00fcr\u00fclen yat\u0131r\u0131m, proje ve \u00e7al\u0131\u015fmalar devam ediyor.<br \/>\n<br \/>Ba\u015fkan \u00c7er\u00e7io\u011flu\u2019nun hayata ge\u00e7irdi\u011fi hizmetlerle Ayd\u0131n kazan\u0131yor, Ayd\u0131nl\u0131lar daha sa\u011fl\u0131kl\u0131 ve g\u00fc\u00e7l\u00fc altyap\u0131 hizmetleriyle bulu\u015fuyor.<br \/>\n<br \/>ASK\u0130 Genel M\u00fcd\u00fcrl\u00fc\u011f\u00fc taraf\u0131ndan Didim il\u00e7esinde bulunan 13 adet At\u0131k Su Terfi Merkezi\u2019nde kapsaml\u0131 yenileme ve modernizasyon \u00e7al\u0131\u015fmas\u0131 ger\u00e7ekle\u015ftirildi. Binlerce ki\u015fiye hizmet veren terfi merkezleri, 40 milyon T\u00fcrk Liras\u0131 yat\u0131r\u0131m bedeliyle ba\u015ftan sona yenilenerek daha g\u00fc\u00e7l\u00fc, daha verimli ve daha g\u00fcvenli hale getirildi.<br \/>\n<br \/>Ger\u00e7ekle\u015ftirilen \u00e7al\u0131\u015fmalar kapsam\u0131nda terfi merkezlerinin mekanik ve elektrik aksamlar\u0131 tamamen yenilenirken, altyap\u0131 sistemleri de g\u00fcn\u00fcm\u00fcz ihtiya\u00e7lar\u0131na ve teknolojik standartlara uygun \u015fekilde revize edildi. Yap\u0131lan yat\u0131r\u0131mlarla birlikte sistem performanslar\u0131 artt\u0131r\u0131ld\u0131, enerji verimlili\u011fi sa\u011fland\u0131 ve hizmet s\u00fcreklili\u011fi g\u00fc\u00e7lendirildi.<br \/>\n<br \/>Didim\u2019de altyap\u0131 hizmetlerinin s\u00fcrd\u00fcr\u00fclebilirli\u011fini sa\u011flamak amac\u0131yla hayata ge\u00e7irilen yat\u0131r\u0131mlar sayesinde, muhtemel ar\u0131zalar\u0131n ve kapasite sorunlar\u0131n\u0131n \u00f6n\u00fcne ge\u00e7ilecek. Merkezler, uzun y\u0131llar daha Didim\u2019e ve Didimlilere hizmet edecek.<br \/><\/p>\n","protected":false},"excerpt":{"rendered":"<p>Ayd\u0131n B\u00fcy\u00fck\u015fehir Belediye Ba\u015fkan\u0131 \u00d6zlem \u00c7er\u00e7io\u011flu\u2019nun talimatlar\u0131 do\u011frultusunda, Ayd\u0131n B\u00fcy\u00fck\u015fehir Belediyesi ile ASK\u0130 Genel M\u00fcd\u00fcrl\u00fc\u011f\u00fc taraf\u0131ndan kentin 17 il\u00e7esinin tamam\u0131nda s\u00fcrd\u00fcr\u00fclen yat\u0131r\u0131m, proje ve \u00e7al\u0131\u015fmalar devam ediyor. Ba\u015fkan \u00c7er\u00e7io\u011flu\u2019nun hayata ge\u00e7irdi\u011fi hizmetlerle Ayd\u0131n kazan\u0131yor, Ayd\u0131nl\u0131lar daha sa\u011fl\u0131kl\u0131 ve g\u00fc\u00e7l\u00fc altyap\u0131 hizmetleriyle bulu\u015fuyor. ASK\u0130 Genel M\u00fcd\u00fcrl\u00fc\u011f\u00fc taraf\u0131ndan Didim il\u00e7esinde bulunan 13 adet At\u0131k Su Terfi Merkezi\u2019nde&#8230;<\/p>\n","protected":false},"author":1,"featured_media":77813,"comment_status":"open","ping_status":"open","sticky":false,"template":"","format":"standard","meta":{"_crdt_document":"","footnotes":""},"categories":[1],"tags":[],"class_list":["post-77812","post","type-post","status-publish","format-standard","has-post-thumbnail","hentry","category-guncel"],"_links":{"self":[{"href":"https:\/\/www.egemtv.com\/index.php?rest_route=\/wp\/v2\/posts\/77812","targetHints":{"allow":["GET"]}}],"collection":[{"href":"https:\/\/www.egemtv.com\/index.php?rest_route=\/wp\/v2\/posts"}],"about":[{"href":"https:\/\/www.egemtv.com\/index.php?rest_route=\/wp\/v2\/types\/post"}],"author":[{"embeddable":true,"href":"https:\/\/www.egemtv.com\/index.php?rest_route=\/wp\/v2\/users\/1"}],"replies":[{"embeddable":true,"href":"https:\/\/www.egemtv.com\/index.php?rest_route=%2Fwp%2Fv2%2Fcomments&post=77812"}],"version-history":[{"count":1,"href":"https:\/\/www.egemtv.com\/index.php?rest_route=\/wp\/v2\/posts\/77812\/revisions"}],"predecessor-version":[{"id":77814,"href":"https:\/\/www.egemtv.com\/index.php?rest_route=\/wp\/v2\/posts\/77812\/revisions\/77814"}],"wp:featuredmedia":[{"embeddable":true,"href":"https:\/\/www.egemtv.com\/index.php?rest_route=\/wp\/v2\/media\/77813"}],"wp:attachment":[{"href":"https:\/\/www.egemtv.com\/index.php?rest_route=%2Fwp%2Fv2%2Fmedia&parent=77812"}],"wp:term":[{"taxonomy":"category","embeddable":true,"href":"https:\/\/www.egemtv.com\/index.php?rest_route=%2Fwp%2Fv2%2Fcategories&post=77812"},{"taxonomy":"post_tag","embeddable":true,"href":"https:\/\/www.egemtv.com\/index.php?rest_route=%2Fwp%2Fv2%2Ftags&post=77812"}],"curies":[{"name":"wp","href":"https:\/\/api.w.org\/{rel}","templated":true}]}}