{"id":77809,"date":"2025-12-31T14:54:52","date_gmt":"2025-12-31T11:54:52","guid":{"rendered":"https:\/\/www.egemtv.com\/?p=77809"},"modified":"2025-12-31T14:54:52","modified_gmt":"2025-12-31T11:54:52","slug":"dto-baskani-erdogan-uretimin-istikrarin-ve-ortak-aklin-yili-olsun","status":"publish","type":"post","link":"https:\/\/www.egemtv.com\/?p=77809","title":{"rendered":"DTO Ba\u015fkan\u0131 Erdo\u011fan; &#8220;\u00dcretimin, istikrar\u0131n ve ortak akl\u0131n y\u0131l\u0131 olsun&#8221;"},"content":{"rendered":"<p>Denizli Ticaret Odas\u0131 (DTO) Ba\u015fkan\u0131 U\u011fur Erdo\u011fan, 2026\u2019n\u0131n; \u00fcretimin, istikrar\u0131n ve ortak akl\u0131n y\u0131l\u0131 olmas\u0131n\u0131 temenni etti; halk\u0131n yeni y\u0131l\u0131n\u0131 kutlad\u0131. Ba\u015fkan Erdo\u011fan, y\u0131lba\u015f\u0131 mesaj\u0131nda &#8220;Yeni bir y\u0131la daha umutlar\u0131m\u0131z\u0131, hedeflerimizi ve gelece\u011fe dair inanc\u0131m\u0131z\u0131 tazeleyerek giriyoruz. 2026\u2019n\u0131n; \u00fclkemiz, \u015fehrimiz ve i\u015f d\u00fcnyam\u0131z i\u00e7in sa\u011fl\u0131k, huzur ve bereket getirmesini diliyorum&#8221; dedi.<\/p>\n<p>DTO Y\u00f6netim Kurulu Ba\u015fkan\u0131 U\u011fur Erdo\u011fan, y\u0131lba\u015f\u0131 dolay\u0131s\u0131yla yaz\u0131l\u0131 bir kutlama mesaj\u0131 yay\u0131mlad\u0131. A\u00e7\u0131klamas\u0131nda, geride b\u0131rak\u0131lan d\u00f6nemde k\u00fcresel ve ulusal \u00f6l\u00e7ekte ya\u015fanan ekonomik geli\u015fmelerin haf\u0131zalarda yer etti\u011fine de\u011findi ve yeni y\u0131l\u0131n i\u015f d\u00fcnyas\u0131 a\u00e7\u0131s\u0131ndan \u00f6nemli f\u0131rsatlar bar\u0131nd\u0131rd\u0131\u011f\u0131na inand\u0131klar\u0131n\u0131 belirterek Denizli\u2019nin \u00e7al\u0131\u015fkanl\u0131\u011f\u0131yla bundan en b\u00fcy\u00fck pay\u0131 alacak \u015fehirlerden biri olaca\u011f\u0131na dikkat \u00e7ekti. &#8220;\u00dcretim g\u00fcc\u00fc, ihracat kapasitesi ve giri\u015fimcilik ruhuyla \u00f6ne \u00e7\u0131kan Denizli\u2019miz, her \u015fartta ekonomiye katk\u0131 sa\u011flamaya devam etmi\u015ftir. 2026 y\u0131l\u0131nda da sanayicilerimiz, t\u00fcccarlar\u0131m\u0131z ve giri\u015fimcilerimizle daha g\u00fc\u00e7l\u00fc, rekabet\u00e7i ve s\u00fcrd\u00fcr\u00fclebilir bir ekonomik yap\u0131 i\u00e7in \u00e7al\u0131\u015fmalar\u0131m\u0131z\u0131 s\u00fcrd\u00fcrece\u011fiz&#8221; diyen Ba\u015fkan Erdo\u011fan, Denizli\u2019nin yar\u0131nlar\u0131 i\u00e7in birlik ve dayan\u0131\u015fman\u0131n s\u00fcrd\u00fcr\u00fclmesi gerekti\u011fi vurgusu da yaparak i\u015f d\u00fcnyas\u0131nda ba\u015far\u0131n\u0131n ortak ak\u0131l, isti\u015fare ve dayan\u0131\u015fma ile m\u00fcmk\u00fcn oldu\u011funun alt\u0131n\u0131 \u00e7izdi.<\/p>\n<p>Ba\u015fkan Erdo\u011fan, mesaj\u0131n\u0131n sonunda ise \u015fu temennide bulundu; &#8220;Denizli Ticaret Odas\u0131 olarak, yeni y\u0131lda da \u00fcyelerimizin yan\u0131nda olmaya, sorunlar\u0131n \u00e7\u00f6z\u00fcm\u00fc i\u00e7in kararl\u0131l\u0131kla \u00e7al\u0131\u015fmaya ve \u015fehrimizin ekonomik potansiyelini daha ileriye ta\u015f\u0131maya devam edece\u011fiz. Bu duygu ve d\u00fc\u015f\u00fcncelerle, gelecek g\u00fcnlerin t\u00fcm \u00fcyelerimize, Denizlililere ve \u00fclkemize hay\u0131rlar getirmesini diliyor; 2026\u2019n\u0131n sa\u011fl\u0131k, mutluluk, huzur ve ba\u015far\u0131larla dolu bir y\u0131l olmas\u0131n\u0131 temenni ediyoruz&#8221; dedi.<\/p>\n<p>Ba\u015fkan Erdo\u011fan, DTO\u2019daki personelin de bizzat yeni y\u0131l\u0131n\u0131 kutlad\u0131<br \/>\n<br \/>Bu arada, DTO meclis salonunda odan\u0131n personeliyle bir araya gelen ve yeni y\u0131l\u0131n\u0131 kutlayan Ba\u015fkan Erdo\u011fan, &#8220;\u00c7al\u0131\u015fanlar\u0131m\u0131z\u0131n yeni y\u0131l\u0131n\u0131 tebrik ederek 2026\u2019y\u0131 ailecek sa\u011fl\u0131k, huzur, mutluluk ve birlik beraberlik i\u00e7inde, geride kalan y\u0131ldan daha g\u00fczel bir \u015fekilde ve g\u00f6n\u00fcllerince ge\u00e7irmelerini diledik. Personelimizle, 1926 y\u0131l\u0131nda kurulan odam\u0131z\u0131n 100\u2019\u00fcnc\u00fc y\u0131l\u0131 olan 2026\u2019da da ilk g\u00fcnk\u00fc heyecan ve azimle, Denizli\u2019yi temsil etti\u011fimizin bilinci ile hizmet edece\u011fiz; \u00fcyelerimize her zamanki gibi en \u00fcst seviyede hizmet vermeye haz\u0131r\u0131z&#8221; diye konu\u015ftu.<br \/><\/p>\n","protected":false},"excerpt":{"rendered":"<p>Denizli Ticaret Odas\u0131 (DTO) Ba\u015fkan\u0131 U\u011fur Erdo\u011fan, 2026\u2019n\u0131n; \u00fcretimin, istikrar\u0131n ve ortak akl\u0131n y\u0131l\u0131 olmas\u0131n\u0131 temenni etti; halk\u0131n yeni y\u0131l\u0131n\u0131 kutlad\u0131. Ba\u015fkan Erdo\u011fan, y\u0131lba\u015f\u0131 mesaj\u0131nda &#8220;Yeni bir y\u0131la daha umutlar\u0131m\u0131z\u0131, hedeflerimizi ve gelece\u011fe dair inanc\u0131m\u0131z\u0131 tazeleyerek giriyoruz. 2026\u2019n\u0131n; \u00fclkemiz, \u015fehrimiz ve i\u015f d\u00fcnyam\u0131z i\u00e7in sa\u011fl\u0131k, huzur ve bereket getirmesini diliyorum&#8221; dedi. DTO Y\u00f6netim Kurulu Ba\u015fkan\u0131&#8230;<\/p>\n","protected":false},"author":1,"featured_media":77810,"comment_status":"open","ping_status":"open","sticky":false,"template":"","format":"standard","meta":{"_crdt_document":"","footnotes":""},"categories":[123],"tags":[],"class_list":["post-77809","post","type-post","status-publish","format-standard","has-post-thumbnail","hentry","category-gundem"],"_links":{"self":[{"href":"https:\/\/www.egemtv.com\/index.php?rest_route=\/wp\/v2\/posts\/77809","targetHints":{"allow":["GET"]}}],"collection":[{"href":"https:\/\/www.egemtv.com\/index.php?rest_route=\/wp\/v2\/posts"}],"about":[{"href":"https:\/\/www.egemtv.com\/index.php?rest_route=\/wp\/v2\/types\/post"}],"author":[{"embeddable":true,"href":"https:\/\/www.egemtv.com\/index.php?rest_route=\/wp\/v2\/users\/1"}],"replies":[{"embeddable":true,"href":"https:\/\/www.egemtv.com\/index.php?rest_route=%2Fwp%2Fv2%2Fcomments&post=77809"}],"version-history":[{"count":1,"href":"https:\/\/www.egemtv.com\/index.php?rest_route=\/wp\/v2\/posts\/77809\/revisions"}],"predecessor-version":[{"id":77811,"href":"https:\/\/www.egemtv.com\/index.php?rest_route=\/wp\/v2\/posts\/77809\/revisions\/77811"}],"wp:featuredmedia":[{"embeddable":true,"href":"https:\/\/www.egemtv.com\/index.php?rest_route=\/wp\/v2\/media\/77810"}],"wp:attachment":[{"href":"https:\/\/www.egemtv.com\/index.php?rest_route=%2Fwp%2Fv2%2Fmedia&parent=77809"}],"wp:term":[{"taxonomy":"category","embeddable":true,"href":"https:\/\/www.egemtv.com\/index.php?rest_route=%2Fwp%2Fv2%2Fcategories&post=77809"},{"taxonomy":"post_tag","embeddable":true,"href":"https:\/\/www.egemtv.com\/index.php?rest_route=%2Fwp%2Fv2%2Ftags&post=77809"}],"curies":[{"name":"wp","href":"https:\/\/api.w.org\/{rel}","templated":true}]}}