{"id":77806,"date":"2025-12-31T14:54:51","date_gmt":"2025-12-31T11:54:51","guid":{"rendered":"https:\/\/www.egemtv.com\/?p=77806"},"modified":"2025-12-31T14:54:51","modified_gmt":"2025-12-31T11:54:51","slug":"aliagada-orman-yanginlariyla-mucadele-eden-personele-tesekkur-belgesi","status":"publish","type":"post","link":"https:\/\/www.egemtv.com\/?p=77806","title":{"rendered":"Alia\u011fa\u2019da orman yang\u0131nlar\u0131yla m\u00fccadele eden personele te\u015fekk\u00fcr belgesi"},"content":{"rendered":"<p>Alia\u011fa Belediyesi personeli, 2025 y\u0131l\u0131nda \u0130zmir ve \u00e7evre illerde meydana gelen orman yang\u0131nlar\u0131nda g\u00f6sterdikleri \u00f6zverili \u00e7al\u0131\u015fmalardan dolay\u0131 te\u015fekk\u00fcr belgesiyle onurland\u0131r\u0131ld\u0131.<br \/>\n<br \/>Alia\u011fa Belediyesi Meclis Salonu\u2019nda d\u00fczenlenen programda, te\u015fekk\u00fcr belgeleri Alia\u011fa Kaymakam\u0131 Zekeriya G\u00fcney ve Alia\u011fa Belediye Ba\u015fkan\u0131 Serkan Acar taraf\u0131ndan takdim edildi.<br \/>\n<br \/>Programda konu\u015fan Alia\u011fa Belediye Ba\u015fkan\u0131 Serkan Acar, belediye personelinin her ko\u015fulda g\u00f6reve haz\u0131r oldu\u011funu vurgulayarak, &#8220;Alia\u011fa Belediyesi \u00e7al\u0131\u015fanlar\u0131 olarak Kaymakam\u0131m\u0131z\u0131n \u00f6nc\u00fcl\u00fc\u011f\u00fcnde ya\u015fanabilecek her t\u00fcrl\u00fc olumsuzlu\u011fa kar\u015f\u0131 haz\u0131r\u0131z. En b\u00fcy\u00fck g\u00fcvencemiz sizlersiniz. Hepinize y\u00fcrekten te\u015fekk\u00fcr ediyorum&#8221; dedi.<\/p>\n<p>&#8220;Cansiperane bir m\u00fccadele sergilendi&#8221;<br \/>\n<br \/>Alia\u011fa Kaymakam\u0131 Zekeriya G\u00fcney, 2025 y\u0131l\u0131 boyunca ya\u015fanan orman yang\u0131nlar\u0131nda belediye personelinin g\u00f6sterdi\u011fi fedak\u00e2rl\u0131\u011f\u0131n takdire \u015fayan oldu\u011funu belirtti. G\u00fcney konu\u015fmas\u0131nda, &#8220;2025 y\u0131l\u0131n\u0131n son g\u00fcnlerinde bir araya geldik. Bu y\u0131l bir\u00e7ok orman yang\u0131n\u0131 ya\u015fand\u0131. Alia\u011fa Belediyemizin de\u011ferli personeli, bu yang\u0131nlarda cansiperane bir \u015fekilde g\u00f6rev yapt\u0131. Herkes i\u015fine g\u00f6nl\u00fcn\u00fc ve can\u0131n\u0131 koydu. Bizler buna bizzat \u015fahit olduk. Takdirimizi her ortamda dile getiriyoruz ancak bunu yaz\u0131l\u0131 hale de getirmek istedik. 2025 y\u0131l\u0131 sona ermeden siz k\u0131ymetli mesai arkada\u015flar\u0131m\u0131za te\u015fekk\u00fcr belgelerini takdim etmek istedik. Kurtard\u0131\u011f\u0131n\u0131z her canl\u0131 ve do\u011faya zarar gelmemesi ad\u0131na g\u00f6sterdi\u011finiz \u00fcst\u00fcn gayretler i\u00e7in ba\u015fta Belediye Ba\u015fkan\u0131m\u0131z Serkan Acar olmak \u00fczere t\u00fcm personele te\u015fekk\u00fcr ediyorum&#8221; ifadelerini kulland\u0131.<br \/>\n<br \/>Program, te\u015fekk\u00fcr belgelerinin verilmesinin ard\u0131ndan g\u00fcn\u00fcn an\u0131s\u0131na \u00e7ekilen hat\u0131ra foto\u011fraflar\u0131yla sona erdi.<br \/><\/p>\n","protected":false},"excerpt":{"rendered":"<p>Alia\u011fa Belediyesi personeli, 2025 y\u0131l\u0131nda \u0130zmir ve \u00e7evre illerde meydana gelen orman yang\u0131nlar\u0131nda g\u00f6sterdikleri \u00f6zverili \u00e7al\u0131\u015fmalardan dolay\u0131 te\u015fekk\u00fcr belgesiyle onurland\u0131r\u0131ld\u0131. Alia\u011fa Belediyesi Meclis Salonu\u2019nda d\u00fczenlenen programda, te\u015fekk\u00fcr belgeleri Alia\u011fa Kaymakam\u0131 Zekeriya G\u00fcney ve Alia\u011fa Belediye Ba\u015fkan\u0131 Serkan Acar taraf\u0131ndan takdim edildi. Programda konu\u015fan Alia\u011fa Belediye Ba\u015fkan\u0131 Serkan Acar, belediye personelinin her ko\u015fulda g\u00f6reve haz\u0131r oldu\u011funu&#8230;<\/p>\n","protected":false},"author":1,"featured_media":77807,"comment_status":"open","ping_status":"open","sticky":false,"template":"","format":"standard","meta":{"_crdt_document":"","footnotes":""},"categories":[1],"tags":[],"class_list":["post-77806","post","type-post","status-publish","format-standard","has-post-thumbnail","hentry","category-guncel"],"_links":{"self":[{"href":"https:\/\/www.egemtv.com\/index.php?rest_route=\/wp\/v2\/posts\/77806","targetHints":{"allow":["GET"]}}],"collection":[{"href":"https:\/\/www.egemtv.com\/index.php?rest_route=\/wp\/v2\/posts"}],"about":[{"href":"https:\/\/www.egemtv.com\/index.php?rest_route=\/wp\/v2\/types\/post"}],"author":[{"embeddable":true,"href":"https:\/\/www.egemtv.com\/index.php?rest_route=\/wp\/v2\/users\/1"}],"replies":[{"embeddable":true,"href":"https:\/\/www.egemtv.com\/index.php?rest_route=%2Fwp%2Fv2%2Fcomments&post=77806"}],"version-history":[{"count":1,"href":"https:\/\/www.egemtv.com\/index.php?rest_route=\/wp\/v2\/posts\/77806\/revisions"}],"predecessor-version":[{"id":77808,"href":"https:\/\/www.egemtv.com\/index.php?rest_route=\/wp\/v2\/posts\/77806\/revisions\/77808"}],"wp:featuredmedia":[{"embeddable":true,"href":"https:\/\/www.egemtv.com\/index.php?rest_route=\/wp\/v2\/media\/77807"}],"wp:attachment":[{"href":"https:\/\/www.egemtv.com\/index.php?rest_route=%2Fwp%2Fv2%2Fmedia&parent=77806"}],"wp:term":[{"taxonomy":"category","embeddable":true,"href":"https:\/\/www.egemtv.com\/index.php?rest_route=%2Fwp%2Fv2%2Fcategories&post=77806"},{"taxonomy":"post_tag","embeddable":true,"href":"https:\/\/www.egemtv.com\/index.php?rest_route=%2Fwp%2Fv2%2Ftags&post=77806"}],"curies":[{"name":"wp","href":"https:\/\/api.w.org\/{rel}","templated":true}]}}