{"id":77803,"date":"2025-12-31T14:34:38","date_gmt":"2025-12-31T11:34:38","guid":{"rendered":"https:\/\/www.egemtv.com\/?p=77803"},"modified":"2025-12-31T14:34:39","modified_gmt":"2025-12-31T11:34:39","slug":"koycegiz-sandras-dagi-karla-kaplandi","status":"publish","type":"post","link":"https:\/\/www.egemtv.com\/?p=77803","title":{"rendered":"K\u00f6yce\u011fiz Sandras Da\u011f\u0131 karla kapland\u0131"},"content":{"rendered":"<p>Mu\u011fla\u2019n\u0131n K\u00f6yce\u011fiz il\u00e7esinde ak\u015fam saatlerinde ba\u015flayan ya\u011fmur al\u00e7aklarda etkili olurken y\u00fckseklerde Sandras Da\u011f\u0131 ve \u00e7evresinde kar ya\u011f\u0131\u015f\u0131 ger\u00e7ekle\u015fti.<\/p>\n<p>Gece boyunca ve sabah saatlerine kadar devam eden kar ya\u011f\u0131\u015f\u0131 Sandras Da\u011f\u0131\u2019n\u0131 karla kaplad\u0131. Vatanda\u015flar kar keyfi ya\u015famak i\u00e7in Sandras Da\u011f\u0131\u2019na do\u011fru yola \u00e7\u0131kt\u0131. D\u00f6rt mevsimin ayn\u0131 g\u00fcn ya\u015fand\u0131\u011f\u0131 K\u00f6yce\u011fiz\u2019de \u00f6\u011fleden sonra g\u00fcne\u015f y\u00fcz\u00fcn\u00fc g\u00f6sterince \u0131l\u0131k bir hava kendini g\u00f6sterdi. Il\u0131k havay\u0131 g\u00f6ren baz\u0131 vatanda\u015flar Atat\u00fcrk Kordonuna giderek g\u00fczel havan\u0131n keyfini \u00e7\u0131kard\u0131.<br \/><\/p>\n","protected":false},"excerpt":{"rendered":"<p>Mu\u011fla\u2019n\u0131n K\u00f6yce\u011fiz il\u00e7esinde ak\u015fam saatlerinde ba\u015flayan ya\u011fmur al\u00e7aklarda etkili olurken y\u00fckseklerde Sandras Da\u011f\u0131 ve \u00e7evresinde kar ya\u011f\u0131\u015f\u0131 ger\u00e7ekle\u015fti. Gece boyunca ve sabah saatlerine kadar devam eden kar ya\u011f\u0131\u015f\u0131 Sandras Da\u011f\u0131\u2019n\u0131 karla kaplad\u0131. Vatanda\u015flar kar keyfi ya\u015famak i\u00e7in Sandras Da\u011f\u0131\u2019na do\u011fru yola \u00e7\u0131kt\u0131. D\u00f6rt mevsimin ayn\u0131 g\u00fcn ya\u015fand\u0131\u011f\u0131 K\u00f6yce\u011fiz\u2019de \u00f6\u011fleden sonra g\u00fcne\u015f y\u00fcz\u00fcn\u00fc g\u00f6sterince \u0131l\u0131k bir&#8230;<\/p>\n","protected":false},"author":1,"featured_media":77804,"comment_status":"open","ping_status":"open","sticky":false,"template":"","format":"standard","meta":{"_crdt_document":"","footnotes":""},"categories":[1],"tags":[],"class_list":["post-77803","post","type-post","status-publish","format-standard","has-post-thumbnail","hentry","category-guncel"],"_links":{"self":[{"href":"https:\/\/www.egemtv.com\/index.php?rest_route=\/wp\/v2\/posts\/77803","targetHints":{"allow":["GET"]}}],"collection":[{"href":"https:\/\/www.egemtv.com\/index.php?rest_route=\/wp\/v2\/posts"}],"about":[{"href":"https:\/\/www.egemtv.com\/index.php?rest_route=\/wp\/v2\/types\/post"}],"author":[{"embeddable":true,"href":"https:\/\/www.egemtv.com\/index.php?rest_route=\/wp\/v2\/users\/1"}],"replies":[{"embeddable":true,"href":"https:\/\/www.egemtv.com\/index.php?rest_route=%2Fwp%2Fv2%2Fcomments&post=77803"}],"version-history":[{"count":1,"href":"https:\/\/www.egemtv.com\/index.php?rest_route=\/wp\/v2\/posts\/77803\/revisions"}],"predecessor-version":[{"id":77805,"href":"https:\/\/www.egemtv.com\/index.php?rest_route=\/wp\/v2\/posts\/77803\/revisions\/77805"}],"wp:featuredmedia":[{"embeddable":true,"href":"https:\/\/www.egemtv.com\/index.php?rest_route=\/wp\/v2\/media\/77804"}],"wp:attachment":[{"href":"https:\/\/www.egemtv.com\/index.php?rest_route=%2Fwp%2Fv2%2Fmedia&parent=77803"}],"wp:term":[{"taxonomy":"category","embeddable":true,"href":"https:\/\/www.egemtv.com\/index.php?rest_route=%2Fwp%2Fv2%2Fcategories&post=77803"},{"taxonomy":"post_tag","embeddable":true,"href":"https:\/\/www.egemtv.com\/index.php?rest_route=%2Fwp%2Fv2%2Ftags&post=77803"}],"curies":[{"name":"wp","href":"https:\/\/api.w.org\/{rel}","templated":true}]}}