{"id":77800,"date":"2025-12-31T14:14:44","date_gmt":"2025-12-31T11:14:44","guid":{"rendered":"https:\/\/www.egemtv.com\/?p=77800"},"modified":"2025-12-31T14:14:45","modified_gmt":"2025-12-31T11:14:45","slug":"karate-premier-liginde-unal-kardeslerden-cifte-altin","status":"publish","type":"post","link":"https:\/\/www.egemtv.com\/?p=77800","title":{"rendered":"Karate Premier Ligi\u2019nde \u00dcnal karde\u015flerden \u00e7ifte alt\u0131n"},"content":{"rendered":"<p>T\u00fcrkiye Karate Premier Ligi 2. Etap Murat E\u015fsiz Etab\u0131\u2019nda m\u00fccadele eden Karaka\u015f Spor Kul\u00fcb\u00fc sporcular\u0131, 19 alt\u0131n, 7 g\u00fcm\u00fc\u015f ve 15 bronz olmak \u00fczere toplam 41 madalya kazanarak ba\u015far\u0131ya imza att\u0131. Meri\u00e7 ve Mehmet \u00dcnal karde\u015fler, alt\u0131n madalya sahibi oldu.<br \/>\n<br \/>T\u00fcrkiye Karate Premier Ligi 2. Etap Murat E\u015fsiz Etab\u0131, 27\u201328 Aral\u0131k tarihlerinde Manisa\u2019n\u0131n Muradiye Spor Salonu\u2019nda ger\u00e7ekle\u015ftirildi. T\u00fcrkiye\u2019nin d\u00f6rt bir yan\u0131ndan gelen bin 260 sporcunun kat\u0131ld\u0131\u011f\u0131 organizasyon, heyecana sahne oldu. Turnuvada Karaka\u015f Spor Kul\u00fcb\u00fc sporcular\u0131 ba\u015far\u0131l\u0131 performans g\u00f6sterdi. Kul\u00fcp ad\u0131na m\u00fccadele eden sporcular, 19 alt\u0131n, 7 g\u00fcm\u00fc\u015f ve 15 bronz madalya kazanarak toplamda 41 madalyaya ula\u015ft\u0131.<\/p>\n<p>\u0130ki karde\u015f, iki alt\u0131n madalya<br \/>\n<br \/>Sporculardan Meri\u00e7 \u00dcnal (7), 38 kilogram kumite kategorisinde, karde\u015fi Mehmet \u00dcnal (8) ise +42 kilogram kumite dal\u0131nda alt\u0131n madalyan\u0131n sahibi oldu. Karaka\u015f Spor Kul\u00fcb\u00fc yetkilileri, elde edilen derecelerin disiplinli \u00e7al\u0131\u015fma ve \u00f6zverinin sonucu oldu\u011funu belirterek, sporcular\u0131 ve antren\u00f6rleri tebrik etti.<br \/><\/p>\n","protected":false},"excerpt":{"rendered":"<p>T\u00fcrkiye Karate Premier Ligi 2. Etap Murat E\u015fsiz Etab\u0131\u2019nda m\u00fccadele eden Karaka\u015f Spor Kul\u00fcb\u00fc sporcular\u0131, 19 alt\u0131n, 7 g\u00fcm\u00fc\u015f ve 15 bronz olmak \u00fczere toplam 41 madalya kazanarak ba\u015far\u0131ya imza att\u0131. Meri\u00e7 ve Mehmet \u00dcnal karde\u015fler, alt\u0131n madalya sahibi oldu. T\u00fcrkiye Karate Premier Ligi 2. Etap Murat E\u015fsiz Etab\u0131, 27\u201328 Aral\u0131k tarihlerinde Manisa\u2019n\u0131n Muradiye Spor&#8230;<\/p>\n","protected":false},"author":1,"featured_media":77801,"comment_status":"open","ping_status":"open","sticky":false,"template":"","format":"standard","meta":{"_crdt_document":"","footnotes":""},"categories":[4],"tags":[],"class_list":["post-77800","post","type-post","status-publish","format-standard","has-post-thumbnail","hentry","category-spor"],"_links":{"self":[{"href":"https:\/\/www.egemtv.com\/index.php?rest_route=\/wp\/v2\/posts\/77800","targetHints":{"allow":["GET"]}}],"collection":[{"href":"https:\/\/www.egemtv.com\/index.php?rest_route=\/wp\/v2\/posts"}],"about":[{"href":"https:\/\/www.egemtv.com\/index.php?rest_route=\/wp\/v2\/types\/post"}],"author":[{"embeddable":true,"href":"https:\/\/www.egemtv.com\/index.php?rest_route=\/wp\/v2\/users\/1"}],"replies":[{"embeddable":true,"href":"https:\/\/www.egemtv.com\/index.php?rest_route=%2Fwp%2Fv2%2Fcomments&post=77800"}],"version-history":[{"count":1,"href":"https:\/\/www.egemtv.com\/index.php?rest_route=\/wp\/v2\/posts\/77800\/revisions"}],"predecessor-version":[{"id":77802,"href":"https:\/\/www.egemtv.com\/index.php?rest_route=\/wp\/v2\/posts\/77800\/revisions\/77802"}],"wp:featuredmedia":[{"embeddable":true,"href":"https:\/\/www.egemtv.com\/index.php?rest_route=\/wp\/v2\/media\/77801"}],"wp:attachment":[{"href":"https:\/\/www.egemtv.com\/index.php?rest_route=%2Fwp%2Fv2%2Fmedia&parent=77800"}],"wp:term":[{"taxonomy":"category","embeddable":true,"href":"https:\/\/www.egemtv.com\/index.php?rest_route=%2Fwp%2Fv2%2Fcategories&post=77800"},{"taxonomy":"post_tag","embeddable":true,"href":"https:\/\/www.egemtv.com\/index.php?rest_route=%2Fwp%2Fv2%2Ftags&post=77800"}],"curies":[{"name":"wp","href":"https:\/\/api.w.org\/{rel}","templated":true}]}}