{"id":77797,"date":"2025-12-31T14:14:41","date_gmt":"2025-12-31T11:14:41","guid":{"rendered":"https:\/\/www.egemtv.com\/?p=77797"},"modified":"2025-12-31T14:14:44","modified_gmt":"2025-12-31T11:14:44","slug":"marmariste-yeni-yil-tedbirleri-toplantisi-yapildi","status":"publish","type":"post","link":"https:\/\/www.egemtv.com\/?p=77797","title":{"rendered":"Marmaris\u2019te yeni y\u0131l tedbirleri toplant\u0131s\u0131 yap\u0131ld\u0131"},"content":{"rendered":"<p>Mu\u011fla\u2019n\u0131n Marmaris \u0130l\u00e7esinde yeni y\u0131l g\u00fcvenlik tedbirleri dahilinde il\u00e7e genelini kapsayan g\u00fcvenlik toplant\u0131s\u0131 yap\u0131ld\u0131.<\/p>\n<p>Marmaris Kaymakam\u0131 Nurullah Kaya ba\u015fkanl\u0131\u011f\u0131nda, \u0130l\u00e7e Emniyet M\u00fcd\u00fcr\u00fc Samed Seyhan, \u0130l\u00e7e Jandarma Komutan\u0131 Bnb. Berker Dongul ve TCSG-310 Bot Komutan\u0131 \u00dctgm. \u0130brahim \u0130\u015fit\u2019 in kat\u0131l\u0131m\u0131yla yeni y\u0131l \u00f6ncesinde al\u0131nacak yeni y\u0131l tedbirleri kapsam\u0131nda asayi\u015f ve g\u00fcvenlik toplant\u0131s\u0131 ger\u00e7ekle\u015ftirildi.<\/p>\n<p>\u0130l\u00e7ede yeni y\u0131l s\u00fcresince vatanda\u015flar\u0131n huzur ve g\u00fcven ortam\u0131 i\u00e7erisinde yeni y\u0131la girebilmesi amac\u0131yla al\u0131nacak tedbirler kapsaml\u0131 \u015fekilde ele al\u0131nd\u0131. Asayi\u015f, trafik, kamu d\u00fczeni, deniz g\u00fcvenli\u011fi ve acil durumlara y\u00f6nelik planlamalar de\u011ferlendirilerek kurumlar aras\u0131 koordinasyonun \u00f6nemi vurguland\u0131.<\/p>\n<p>Kaymakam Nurullah Kaya, vatanda\u015flar\u0131n can ve mal g\u00fcvenli\u011finin \u00f6ncelikli oldu\u011funu belirterek, y\u0131lba\u015f\u0131 s\u00fcresince t\u00fcm birimlerin g\u00f6rev ba\u015f\u0131nda olaca\u011f\u0131n\u0131 ifade etti ve al\u0131nan tedbirlerin titizlikle uygulanmas\u0131 y\u00f6n\u00fcnde talimat verdi.<br \/><\/p>\n","protected":false},"excerpt":{"rendered":"<p>Mu\u011fla\u2019n\u0131n Marmaris \u0130l\u00e7esinde yeni y\u0131l g\u00fcvenlik tedbirleri dahilinde il\u00e7e genelini kapsayan g\u00fcvenlik toplant\u0131s\u0131 yap\u0131ld\u0131. Marmaris Kaymakam\u0131 Nurullah Kaya ba\u015fkanl\u0131\u011f\u0131nda, \u0130l\u00e7e Emniyet M\u00fcd\u00fcr\u00fc Samed Seyhan, \u0130l\u00e7e Jandarma Komutan\u0131 Bnb. Berker Dongul ve TCSG-310 Bot Komutan\u0131 \u00dctgm. \u0130brahim \u0130\u015fit\u2019 in kat\u0131l\u0131m\u0131yla yeni y\u0131l \u00f6ncesinde al\u0131nacak yeni y\u0131l tedbirleri kapsam\u0131nda asayi\u015f ve g\u00fcvenlik toplant\u0131s\u0131 ger\u00e7ekle\u015ftirildi. \u0130l\u00e7ede yeni y\u0131l&#8230;<\/p>\n","protected":false},"author":1,"featured_media":77798,"comment_status":"open","ping_status":"open","sticky":false,"template":"","format":"standard","meta":{"_crdt_document":"","footnotes":""},"categories":[5],"tags":[],"class_list":["post-77797","post","type-post","status-publish","format-standard","has-post-thumbnail","hentry","category-asayis"],"_links":{"self":[{"href":"https:\/\/www.egemtv.com\/index.php?rest_route=\/wp\/v2\/posts\/77797","targetHints":{"allow":["GET"]}}],"collection":[{"href":"https:\/\/www.egemtv.com\/index.php?rest_route=\/wp\/v2\/posts"}],"about":[{"href":"https:\/\/www.egemtv.com\/index.php?rest_route=\/wp\/v2\/types\/post"}],"author":[{"embeddable":true,"href":"https:\/\/www.egemtv.com\/index.php?rest_route=\/wp\/v2\/users\/1"}],"replies":[{"embeddable":true,"href":"https:\/\/www.egemtv.com\/index.php?rest_route=%2Fwp%2Fv2%2Fcomments&post=77797"}],"version-history":[{"count":1,"href":"https:\/\/www.egemtv.com\/index.php?rest_route=\/wp\/v2\/posts\/77797\/revisions"}],"predecessor-version":[{"id":77799,"href":"https:\/\/www.egemtv.com\/index.php?rest_route=\/wp\/v2\/posts\/77797\/revisions\/77799"}],"wp:featuredmedia":[{"embeddable":true,"href":"https:\/\/www.egemtv.com\/index.php?rest_route=\/wp\/v2\/media\/77798"}],"wp:attachment":[{"href":"https:\/\/www.egemtv.com\/index.php?rest_route=%2Fwp%2Fv2%2Fmedia&parent=77797"}],"wp:term":[{"taxonomy":"category","embeddable":true,"href":"https:\/\/www.egemtv.com\/index.php?rest_route=%2Fwp%2Fv2%2Fcategories&post=77797"},{"taxonomy":"post_tag","embeddable":true,"href":"https:\/\/www.egemtv.com\/index.php?rest_route=%2Fwp%2Fv2%2Ftags&post=77797"}],"curies":[{"name":"wp","href":"https:\/\/api.w.org\/{rel}","templated":true}]}}