{"id":77794,"date":"2025-12-31T13:54:41","date_gmt":"2025-12-31T10:54:41","guid":{"rendered":"https:\/\/www.egemtv.com\/?p=77794"},"modified":"2025-12-31T13:54:43","modified_gmt":"2025-12-31T10:54:43","slug":"itfaiyenin-hizli-mudahalesiyle-alevler-diger-odalara-sicramadan-sonduruldu","status":"publish","type":"post","link":"https:\/\/www.egemtv.com\/?p=77794","title":{"rendered":"\u0130tfaiyenin h\u0131zl\u0131 m\u00fcdahalesiyle alevler di\u011fer odalara s\u0131\u00e7ramadan s\u00f6nd\u00fcr\u00fcld\u00fc"},"content":{"rendered":"<p>Ayd\u0131n\u2019\u0131n \u0130ncirliova il\u00e7esinde bula\u015f\u0131k makinesinden \u00e7\u0131kan yang\u0131n, itfaiyenin h\u0131zl\u0131 m\u00fcdahalesiyle di\u011fer odalara s\u0131\u00e7ramadan s\u00f6nd\u00fcr\u00fcld\u00fc.<\/p>\n<p>Yang\u0131n, \u0130ncirliova il\u00e7esi Acarlar Mahallesi 1843 Sokak \u00fczerinde meydana geldi. Edinilen bilgiye g\u00f6re hen\u00fcz bilinmeyen bir nedenle bula\u015f\u0131k makinesinden kaynakl\u0131 yang\u0131n \u00e7\u0131kt\u0131. Alevleri fark eden ev sakinleri durumu 112 Acil \u00c7a\u011fr\u0131 Merkezi\u2019ne bildirdi. \u0130hbar \u00fczerine b\u00f6lgeye itfaiye ekipleri sevk edildi. K\u0131sa s\u00fcrede b\u00f6lgeye gelen itfaiye ekipleri, alevlere m\u00fcdahale etti. Evin mutfak b\u00f6l\u00fcm\u00fcn\u00fc saran alevler, itfaiyenin h\u0131zl\u0131 m\u00fcdahalesiyle di\u011fer odalara s\u0131\u00e7ramadan s\u00f6nd\u00fcr\u00fcld\u00fc. \u015eans eseri olayda yaralanan olmazken, evde maddi zarar meydana geldi. So\u011futma \u00e7al\u0131\u015fmalar\u0131n\u0131n ard\u0131ndan yang\u0131n\u0131n kesin \u00e7\u0131k\u0131\u015f nedeninin belirlenmesi i\u00e7in inceleme ba\u015flat\u0131ld\u0131.<br \/><\/p>\n","protected":false},"excerpt":{"rendered":"<p>Ayd\u0131n\u2019\u0131n \u0130ncirliova il\u00e7esinde bula\u015f\u0131k makinesinden \u00e7\u0131kan yang\u0131n, itfaiyenin h\u0131zl\u0131 m\u00fcdahalesiyle di\u011fer odalara s\u0131\u00e7ramadan s\u00f6nd\u00fcr\u00fcld\u00fc. Yang\u0131n, \u0130ncirliova il\u00e7esi Acarlar Mahallesi 1843 Sokak \u00fczerinde meydana geldi. Edinilen bilgiye g\u00f6re hen\u00fcz bilinmeyen bir nedenle bula\u015f\u0131k makinesinden kaynakl\u0131 yang\u0131n \u00e7\u0131kt\u0131. Alevleri fark eden ev sakinleri durumu 112 Acil \u00c7a\u011fr\u0131 Merkezi\u2019ne bildirdi. \u0130hbar \u00fczerine b\u00f6lgeye itfaiye ekipleri sevk edildi. K\u0131sa&#8230;<\/p>\n","protected":false},"author":1,"featured_media":77795,"comment_status":"open","ping_status":"open","sticky":false,"template":"","format":"standard","meta":{"_crdt_document":"","footnotes":""},"categories":[5],"tags":[],"class_list":["post-77794","post","type-post","status-publish","format-standard","has-post-thumbnail","hentry","category-asayis"],"_links":{"self":[{"href":"https:\/\/www.egemtv.com\/index.php?rest_route=\/wp\/v2\/posts\/77794","targetHints":{"allow":["GET"]}}],"collection":[{"href":"https:\/\/www.egemtv.com\/index.php?rest_route=\/wp\/v2\/posts"}],"about":[{"href":"https:\/\/www.egemtv.com\/index.php?rest_route=\/wp\/v2\/types\/post"}],"author":[{"embeddable":true,"href":"https:\/\/www.egemtv.com\/index.php?rest_route=\/wp\/v2\/users\/1"}],"replies":[{"embeddable":true,"href":"https:\/\/www.egemtv.com\/index.php?rest_route=%2Fwp%2Fv2%2Fcomments&post=77794"}],"version-history":[{"count":1,"href":"https:\/\/www.egemtv.com\/index.php?rest_route=\/wp\/v2\/posts\/77794\/revisions"}],"predecessor-version":[{"id":77796,"href":"https:\/\/www.egemtv.com\/index.php?rest_route=\/wp\/v2\/posts\/77794\/revisions\/77796"}],"wp:featuredmedia":[{"embeddable":true,"href":"https:\/\/www.egemtv.com\/index.php?rest_route=\/wp\/v2\/media\/77795"}],"wp:attachment":[{"href":"https:\/\/www.egemtv.com\/index.php?rest_route=%2Fwp%2Fv2%2Fmedia&parent=77794"}],"wp:term":[{"taxonomy":"category","embeddable":true,"href":"https:\/\/www.egemtv.com\/index.php?rest_route=%2Fwp%2Fv2%2Fcategories&post=77794"},{"taxonomy":"post_tag","embeddable":true,"href":"https:\/\/www.egemtv.com\/index.php?rest_route=%2Fwp%2Fv2%2Ftags&post=77794"}],"curies":[{"name":"wp","href":"https:\/\/api.w.org\/{rel}","templated":true}]}}