{"id":77791,"date":"2025-12-31T13:54:40","date_gmt":"2025-12-31T10:54:40","guid":{"rendered":"https:\/\/www.egemtv.com\/?p=77791"},"modified":"2025-12-31T13:54:41","modified_gmt":"2025-12-31T10:54:41","slug":"ispartada-kacakcilik-operasyonu-alkol-ve-kacak-tibbi-malzemeler-ele-gecirildi","status":"publish","type":"post","link":"https:\/\/www.egemtv.com\/?p=77791","title":{"rendered":"Isparta\u2019da ka\u00e7ak\u00e7\u0131l\u0131k operasyonu: Alkol ve ka\u00e7ak t\u0131bbi malzemeler ele ge\u00e7irildi"},"content":{"rendered":"<p>Isparta\u2019da polis ekiplerince d\u00fczenlenen operasyonlarda 37,7 litre ka\u00e7ak alkol ile estetik ameliyatlarda kullan\u0131lan 30 adet ka\u00e7ak t\u0131bbi malzeme ele ge\u00e7irilirken, 3 \u015f\u00fcpheli hakk\u0131nda adli i\u015flem ba\u015flat\u0131ld\u0131.<br \/>\n<br \/>Isparta \u0130l Emniyet M\u00fcd\u00fcrl\u00fc\u011f\u00fc, Ka\u00e7ak\u00e7\u0131l\u0131k ve Organize Su\u00e7larla M\u00fccadele (KOM) ve G\u00f6\u00e7men Ka\u00e7ak\u00e7\u0131l\u0131\u011f\u0131 ile M\u00fccadele \u015eube M\u00fcd\u00fcrl\u00fc\u011f\u00fc ekipleri taraf\u0131ndan d\u00fcn il merkezinde operasyonlar d\u00fczenlendi. \u0130l merkezinde bulunan bir ikamete yap\u0131lan aramada, 30 litre etil alkol ile 7,70 litre farkl\u0131 t\u00fcrlerde el yap\u0131m\u0131 alkol ele ge\u00e7irildi. Olayla ilgili olarak yakalanan \u015f\u00fcpheli \u015fah\u0131s hakk\u0131nda Ka\u00e7ak\u00e7\u0131l\u0131kla M\u00fccadele Kanunu kapsam\u0131nda adli i\u015flem ba\u015flat\u0131ld\u0131. Ayr\u0131ca yap\u0131lan ba\u015fka operasyonda, estetik ameliyatlarda kullan\u0131lan, 30 farkl\u0131 ka\u00e7ak t\u0131bbi malzeme ele ge\u00e7irilirken, 2 \u015f\u00fcpheli \u015fah\u0131s hakk\u0131nda 5607 Say\u0131l\u0131 Kanuna Muhalefet kapsam\u0131nda adli i\u015flem ba\u015flat\u0131ld\u0131.<br \/><\/p>\n","protected":false},"excerpt":{"rendered":"<p>Isparta\u2019da polis ekiplerince d\u00fczenlenen operasyonlarda 37,7 litre ka\u00e7ak alkol ile estetik ameliyatlarda kullan\u0131lan 30 adet ka\u00e7ak t\u0131bbi malzeme ele ge\u00e7irilirken, 3 \u015f\u00fcpheli hakk\u0131nda adli i\u015flem ba\u015flat\u0131ld\u0131. Isparta \u0130l Emniyet M\u00fcd\u00fcrl\u00fc\u011f\u00fc, Ka\u00e7ak\u00e7\u0131l\u0131k ve Organize Su\u00e7larla M\u00fccadele (KOM) ve G\u00f6\u00e7men Ka\u00e7ak\u00e7\u0131l\u0131\u011f\u0131 ile M\u00fccadele \u015eube M\u00fcd\u00fcrl\u00fc\u011f\u00fc ekipleri taraf\u0131ndan d\u00fcn il merkezinde operasyonlar d\u00fczenlendi. \u0130l merkezinde bulunan bir ikamete&#8230;<\/p>\n","protected":false},"author":1,"featured_media":77792,"comment_status":"open","ping_status":"open","sticky":false,"template":"","format":"standard","meta":{"_crdt_document":"","footnotes":""},"categories":[5],"tags":[],"class_list":["post-77791","post","type-post","status-publish","format-standard","has-post-thumbnail","hentry","category-asayis"],"_links":{"self":[{"href":"https:\/\/www.egemtv.com\/index.php?rest_route=\/wp\/v2\/posts\/77791","targetHints":{"allow":["GET"]}}],"collection":[{"href":"https:\/\/www.egemtv.com\/index.php?rest_route=\/wp\/v2\/posts"}],"about":[{"href":"https:\/\/www.egemtv.com\/index.php?rest_route=\/wp\/v2\/types\/post"}],"author":[{"embeddable":true,"href":"https:\/\/www.egemtv.com\/index.php?rest_route=\/wp\/v2\/users\/1"}],"replies":[{"embeddable":true,"href":"https:\/\/www.egemtv.com\/index.php?rest_route=%2Fwp%2Fv2%2Fcomments&post=77791"}],"version-history":[{"count":1,"href":"https:\/\/www.egemtv.com\/index.php?rest_route=\/wp\/v2\/posts\/77791\/revisions"}],"predecessor-version":[{"id":77793,"href":"https:\/\/www.egemtv.com\/index.php?rest_route=\/wp\/v2\/posts\/77791\/revisions\/77793"}],"wp:featuredmedia":[{"embeddable":true,"href":"https:\/\/www.egemtv.com\/index.php?rest_route=\/wp\/v2\/media\/77792"}],"wp:attachment":[{"href":"https:\/\/www.egemtv.com\/index.php?rest_route=%2Fwp%2Fv2%2Fmedia&parent=77791"}],"wp:term":[{"taxonomy":"category","embeddable":true,"href":"https:\/\/www.egemtv.com\/index.php?rest_route=%2Fwp%2Fv2%2Fcategories&post=77791"},{"taxonomy":"post_tag","embeddable":true,"href":"https:\/\/www.egemtv.com\/index.php?rest_route=%2Fwp%2Fv2%2Ftags&post=77791"}],"curies":[{"name":"wp","href":"https:\/\/api.w.org\/{rel}","templated":true}]}}