{"id":77788,"date":"2025-12-31T13:54:39","date_gmt":"2025-12-31T10:54:39","guid":{"rendered":"https:\/\/www.egemtv.com\/?p=77788"},"modified":"2025-12-31T13:54:40","modified_gmt":"2025-12-31T10:54:40","slug":"saldaya-mevsimin-ilk-kari-yagdi","status":"publish","type":"post","link":"https:\/\/www.egemtv.com\/?p=77788","title":{"rendered":"Salda\u2019ya mevsimin ilk kar\u0131 ya\u011fd\u0131"},"content":{"rendered":"<p>Burdur\u2019un Ye\u015filova il\u00e7esindeki Salda Kayak Merkezi\u2019ne mevsimin ilk kar\u0131 ya\u011fd\u0131.<br \/>\n<br \/>Kent merkezine 77, Ye\u015filova il\u00e7esine 14 kilometre uzakl\u0131kta T\u0131naztepe mevkiindeki Salda G\u00f6l\u00fc manzaral\u0131 kayak merkezine mevsimin ilk kar\u0131 ya\u011fd\u0131. B\u00f6lgede kar kal\u0131nl\u0131\u011f\u0131 5 santimetre \u00f6l\u00e7\u00fcld\u00fc. Kayak yapmaya yeterli seviyede kar tutmasa da merkez beyaz \u00f6rt\u00fcyle kapland\u0131.<br \/><\/p>\n","protected":false},"excerpt":{"rendered":"<p>Burdur\u2019un Ye\u015filova il\u00e7esindeki Salda Kayak Merkezi\u2019ne mevsimin ilk kar\u0131 ya\u011fd\u0131. Kent merkezine 77, Ye\u015filova il\u00e7esine 14 kilometre uzakl\u0131kta T\u0131naztepe mevkiindeki Salda G\u00f6l\u00fc manzaral\u0131 kayak merkezine mevsimin ilk kar\u0131 ya\u011fd\u0131. B\u00f6lgede kar kal\u0131nl\u0131\u011f\u0131 5 santimetre \u00f6l\u00e7\u00fcld\u00fc. Kayak yapmaya yeterli seviyede kar tutmasa da merkez beyaz \u00f6rt\u00fcyle kapland\u0131.<\/p>\n","protected":false},"author":1,"featured_media":77789,"comment_status":"open","ping_status":"open","sticky":false,"template":"","format":"standard","meta":{"_crdt_document":"","footnotes":""},"categories":[1],"tags":[],"class_list":["post-77788","post","type-post","status-publish","format-standard","has-post-thumbnail","hentry","category-guncel"],"_links":{"self":[{"href":"https:\/\/www.egemtv.com\/index.php?rest_route=\/wp\/v2\/posts\/77788","targetHints":{"allow":["GET"]}}],"collection":[{"href":"https:\/\/www.egemtv.com\/index.php?rest_route=\/wp\/v2\/posts"}],"about":[{"href":"https:\/\/www.egemtv.com\/index.php?rest_route=\/wp\/v2\/types\/post"}],"author":[{"embeddable":true,"href":"https:\/\/www.egemtv.com\/index.php?rest_route=\/wp\/v2\/users\/1"}],"replies":[{"embeddable":true,"href":"https:\/\/www.egemtv.com\/index.php?rest_route=%2Fwp%2Fv2%2Fcomments&post=77788"}],"version-history":[{"count":1,"href":"https:\/\/www.egemtv.com\/index.php?rest_route=\/wp\/v2\/posts\/77788\/revisions"}],"predecessor-version":[{"id":77790,"href":"https:\/\/www.egemtv.com\/index.php?rest_route=\/wp\/v2\/posts\/77788\/revisions\/77790"}],"wp:featuredmedia":[{"embeddable":true,"href":"https:\/\/www.egemtv.com\/index.php?rest_route=\/wp\/v2\/media\/77789"}],"wp:attachment":[{"href":"https:\/\/www.egemtv.com\/index.php?rest_route=%2Fwp%2Fv2%2Fmedia&parent=77788"}],"wp:term":[{"taxonomy":"category","embeddable":true,"href":"https:\/\/www.egemtv.com\/index.php?rest_route=%2Fwp%2Fv2%2Fcategories&post=77788"},{"taxonomy":"post_tag","embeddable":true,"href":"https:\/\/www.egemtv.com\/index.php?rest_route=%2Fwp%2Fv2%2Ftags&post=77788"}],"curies":[{"name":"wp","href":"https:\/\/api.w.org\/{rel}","templated":true}]}}