{"id":77782,"date":"2025-12-31T13:34:56","date_gmt":"2025-12-31T10:34:56","guid":{"rendered":"https:\/\/www.egemtv.com\/?p=77782"},"modified":"2025-12-31T13:34:57","modified_gmt":"2025-12-31T10:34:57","slug":"baskan-arastan-yasamevini-mutlu-eden-ziyaret","status":"publish","type":"post","link":"https:\/\/www.egemtv.com\/?p=77782","title":{"rendered":"Ba\u015fkan Aras\u2019tan Ya\u015famevi\u2019ni mutlu eden ziyaret"},"content":{"rendered":"<p>2025\u2019i u\u011furlad\u0131\u011f\u0131m\u0131z, 2026\u2019y\u0131 kar\u015f\u0131lamaya haz\u0131rland\u0131\u011f\u0131m\u0131z bug\u00fcnlerde K\u0131y\u0131 Ege Belediyeler Birli\u011fi ve Mu\u011fla B\u00fcy\u00fck\u015fehir Belediye Ba\u015fkan\u0131 Ahmet Aras, Hasan \u00d6zcan Ya\u015famevi ve Ortak\u00f6y Huzurevi\u2019ndeki vatanda\u015flar\u0131 ziyaret ederek yeni y\u0131llar\u0131n\u0131 kutlad\u0131. Huzurevi sakinleri ile keyifli vakit ge\u00e7iren Ba\u015fkan Aras, a\u00e7\u0131l\u0131\u015f\u0131 yeni yap\u0131lan Hasan \u00d6zcan Ya\u015famevi\u2019nde kalan vatanda\u015flar\u0131n da istek, taleplerini dinledi.<br \/>\n<br \/>Mu\u011fla B\u00fcy\u00fck\u015fehir Belediye Ba\u015fkan\u0131 Ahmet Aras, Hasan \u00d6zcan Ya\u015famevi ziyaretinde Mente\u015fe Belediye Tiyatrosu ya\u015famevinde kalan vatanda\u015flar\u0131n da kat\u0131l\u0131m\u0131yla tiyatro oyunu ger\u00e7ekle\u015ftirdi. Tiyatro oyununda yeteneklerini sergileyen ya\u015famevi sakinleri keyifli ve e\u011flenceli vakit ge\u00e7irirken Ba\u015fkan Aras\u2019\u0131n ziyaretinden dolay\u0131 da \u00e7ok mutlu olduklar\u0131n\u0131 dile getirdiler.<br \/>\n<br \/>Ba\u015fkan Aras; &#8220;Bazen en g\u00fczel hediye hat\u0131rlanmak ve sevdiklerimizin yan\u0131nda olmakt\u0131r&#8221;<br \/>\n<br \/>K\u0131y\u0131 Ege Belediyeler Birli\u011fi ve Mu\u011fla B\u00fcy\u00fck\u015fehir Belediye Ba\u015fkan\u0131 Ahmet Aras, ac\u0131s\u0131yla tatl\u0131s\u0131yla u\u011furlad\u0131klar\u0131 2025 y\u0131l\u0131ndan sonra 2026 y\u0131l\u0131n\u0131n sevginin, mutlulu\u011fun, bar\u0131\u015f\u0131n y\u0131l\u0131 olmas\u0131n\u0131 diledi ve t\u00fcm vatanda\u015flar\u0131n yeni y\u0131l\u0131n\u0131 kutlad\u0131.<br \/>\n<br \/>Ba\u015fkan Aras; &#8220;Bazen en g\u00fczel hediye hat\u0131rlanmak ve sevdiklerimizin yan\u0131nda olmakt\u0131r. Yeni y\u0131la girerken ya\u015famevinde kalan koca \u00e7\u0131narlar\u0131m\u0131z\u0131 ziyaret edip ellerini \u00f6pmek, yanlar\u0131nda olmak istedik. A\u00e7\u0131l\u0131\u015f\u0131n\u0131 yeni yapt\u0131\u011f\u0131m\u0131z, onlar\u0131n ya\u015fam\u0131n\u0131 g\u00fczelle\u015ftirmek ve kolayla\u015ft\u0131rmak i\u00e7in dizayn etti\u011fimiz Hasan \u00d6zcan Ya\u015famevi\u2019mizde kalan, g\u00f6zlerinin i\u00e7i g\u00fclen vatanda\u015flar\u0131m\u0131zla bir araya gelmek bizleri de \u00e7ok mutlu etti. Keyifli sohbetleri i\u00e7in hepsine tek tek te\u015fekk\u00fcr ediyor, her zaman her \u015fartta yanlar\u0131nda oldu\u011fumuzu bilmelerini istiyorum. Mu\u011fla\u2019m\u0131zda 7\u2019den 70\u2019e t\u00fcm vatanda\u015flar\u0131m\u0131z\u0131n yan\u0131nda olmaya, hizmetlerimizle onlar\u0131 kucaklamaya yeni y\u0131lda da devam edece\u011fiz. 2026 y\u0131l\u0131n\u0131n d\u00fcnyaya ve \u00fclkemize bar\u0131\u015f, huzur, sa\u011fl\u0131k ve mutluluk getirmesini diliyor, t\u00fcm vatanda\u015flar\u0131m\u0131z\u0131n yeni y\u0131l\u0131n\u0131 kutluyorum.&#8221; dedi.<br \/><\/p>\n","protected":false},"excerpt":{"rendered":"<p>2025\u2019i u\u011furlad\u0131\u011f\u0131m\u0131z, 2026\u2019y\u0131 kar\u015f\u0131lamaya haz\u0131rland\u0131\u011f\u0131m\u0131z bug\u00fcnlerde K\u0131y\u0131 Ege Belediyeler Birli\u011fi ve Mu\u011fla B\u00fcy\u00fck\u015fehir Belediye Ba\u015fkan\u0131 Ahmet Aras, Hasan \u00d6zcan Ya\u015famevi ve Ortak\u00f6y Huzurevi\u2019ndeki vatanda\u015flar\u0131 ziyaret ederek yeni y\u0131llar\u0131n\u0131 kutlad\u0131. Huzurevi sakinleri ile keyifli vakit ge\u00e7iren Ba\u015fkan Aras, a\u00e7\u0131l\u0131\u015f\u0131 yeni yap\u0131lan Hasan \u00d6zcan Ya\u015famevi\u2019nde kalan vatanda\u015flar\u0131n da istek, taleplerini dinledi. Mu\u011fla B\u00fcy\u00fck\u015fehir Belediye Ba\u015fkan\u0131 Ahmet Aras,&#8230;<\/p>\n","protected":false},"author":1,"featured_media":77783,"comment_status":"open","ping_status":"open","sticky":false,"template":"","format":"standard","meta":{"_crdt_document":"","footnotes":""},"categories":[123],"tags":[],"class_list":["post-77782","post","type-post","status-publish","format-standard","has-post-thumbnail","hentry","category-gundem"],"_links":{"self":[{"href":"https:\/\/www.egemtv.com\/index.php?rest_route=\/wp\/v2\/posts\/77782","targetHints":{"allow":["GET"]}}],"collection":[{"href":"https:\/\/www.egemtv.com\/index.php?rest_route=\/wp\/v2\/posts"}],"about":[{"href":"https:\/\/www.egemtv.com\/index.php?rest_route=\/wp\/v2\/types\/post"}],"author":[{"embeddable":true,"href":"https:\/\/www.egemtv.com\/index.php?rest_route=\/wp\/v2\/users\/1"}],"replies":[{"embeddable":true,"href":"https:\/\/www.egemtv.com\/index.php?rest_route=%2Fwp%2Fv2%2Fcomments&post=77782"}],"version-history":[{"count":1,"href":"https:\/\/www.egemtv.com\/index.php?rest_route=\/wp\/v2\/posts\/77782\/revisions"}],"predecessor-version":[{"id":77784,"href":"https:\/\/www.egemtv.com\/index.php?rest_route=\/wp\/v2\/posts\/77782\/revisions\/77784"}],"wp:featuredmedia":[{"embeddable":true,"href":"https:\/\/www.egemtv.com\/index.php?rest_route=\/wp\/v2\/media\/77783"}],"wp:attachment":[{"href":"https:\/\/www.egemtv.com\/index.php?rest_route=%2Fwp%2Fv2%2Fmedia&parent=77782"}],"wp:term":[{"taxonomy":"category","embeddable":true,"href":"https:\/\/www.egemtv.com\/index.php?rest_route=%2Fwp%2Fv2%2Fcategories&post=77782"},{"taxonomy":"post_tag","embeddable":true,"href":"https:\/\/www.egemtv.com\/index.php?rest_route=%2Fwp%2Fv2%2Ftags&post=77782"}],"curies":[{"name":"wp","href":"https:\/\/api.w.org\/{rel}","templated":true}]}}