{"id":77779,"date":"2025-12-31T13:34:54","date_gmt":"2025-12-31T10:34:54","guid":{"rendered":"https:\/\/www.egemtv.com\/?p=77779"},"modified":"2025-12-31T13:34:56","modified_gmt":"2025-12-31T10:34:56","slug":"kucuk-mirayin-yeni-yil-mektubu-baskan-tatiki-duygulandirdi","status":"publish","type":"post","link":"https:\/\/www.egemtv.com\/?p=77779","title":{"rendered":"K\u00fc\u00e7\u00fck Miray\u2019\u0131n yeni y\u0131l mektubu Ba\u015fkan Tat\u0131k\u2019\u0131 duyguland\u0131rd\u0131"},"content":{"rendered":"<p>Tavas Mehmet Mehmet \u00d6zen \u0130lkokulu 2. s\u0131n\u0131f  \u00f6\u011frencisi Miray Akg\u00fcl, Tavas Belediye Ba\u015fkan\u0131 Kadir Tat\u0131k\u2019\u0131n ve t\u00fcm Tavas halk\u0131n\u0131n yeni y\u0131l\u0131n\u0131 kutlayan mektup yazd\u0131.<\/p>\n<p>K\u00fc\u00e7\u00fck Miray Akg\u00fcl mektubunda, &#8220;Sevgi Ba\u015fkan\u0131m\u0131z Kadir Tat\u0131k; Mehmet \u00d6zen \u0130lkokulu 2\/C s\u0131n\u0131f\u0131 \u00f6\u011frencilerinden ben Miray Akg\u00fcl. Yeni y\u0131l\u0131n\u0131z\u0131 en i\u00e7ten dileklerimle kutlar, 2026 y\u0131l\u0131n\u0131n size, ailenize ve Tavas halk\u0131na \u015fans, sa\u011fl\u0131k ve mutluluk getirmesini temenni ederim. S\u0131n\u0131f\u0131m\u0131za en k\u0131sa zamanda sizleri bekleriz&#8221; ifadelerine yer verdi.<\/p>\n<p>Duygu dolu mektubu kamuoyuyla payla\u015fan Tavas Belediye Ba\u015fkan\u0131 Kadir Tat\u0131k, minik Miray\u2019a, &#8220;Mehmet \u00d6zen \u0130lkokulu 2\/C s\u0131n\u0131f\u0131 \u00f6\u011frencisi sevgili Miray Akg\u00fcl\u2019den gelen mektuptaki i\u00e7ten s\u00f6zler ve \u00e7izimi, neden bu g\u00f6revi b\u00fcy\u00fck bir sorumlulukla yapt\u0131\u011f\u0131m\u0131z\u0131 bizlere yeniden hat\u0131rlatt\u0131. \u00c7ocuklar\u0131m\u0131z\u0131n minik ve tertemiz kalplerinde yer edinebilmek, bir insan\u0131n ya\u015fayabilece\u011fi en anlaml\u0131 mutluluklardan biridir. Sevgili Miray\u2019a bu i\u00e7ten mektubu ve anlaml\u0131 \u00e7izimi i\u00e7in y\u00fcrekten te\u015fekk\u00fcr ediyor, g\u00f6zlerinden sevgiyle \u00f6p\u00fcyor ve t\u00fcm s\u0131n\u0131f arkada\u015flar\u0131na selamlar\u0131m\u0131 iletiyorum. 2026 y\u0131l\u0131na girerken en b\u00fcy\u00fck temennimiz; \u00e7ocuklar\u0131m\u0131z\u0131n daha mutlu, daha umutlu, kendilerini g\u00fcvende hissettikleri bir Tavas\u2019ta sevgiyle b\u00fcy\u00fcmeleridir. Onlar\u0131n hayalleri ve tebess\u00fcmleri i\u00e7in ayn\u0131 inan\u00e7 ve kararl\u0131l\u0131kla \u00e7al\u0131\u015fmaya devam edece\u011fiz&#8221; s\u00f6zleriyle yan\u0131t verdi.<br \/><\/p>\n","protected":false},"excerpt":{"rendered":"<p>Tavas Mehmet Mehmet \u00d6zen \u0130lkokulu 2. s\u0131n\u0131f \u00f6\u011frencisi Miray Akg\u00fcl, Tavas Belediye Ba\u015fkan\u0131 Kadir Tat\u0131k\u2019\u0131n ve t\u00fcm Tavas halk\u0131n\u0131n yeni y\u0131l\u0131n\u0131 kutlayan mektup yazd\u0131. K\u00fc\u00e7\u00fck Miray Akg\u00fcl mektubunda, &#8220;Sevgi Ba\u015fkan\u0131m\u0131z Kadir Tat\u0131k; Mehmet \u00d6zen \u0130lkokulu 2\/C s\u0131n\u0131f\u0131 \u00f6\u011frencilerinden ben Miray Akg\u00fcl. Yeni y\u0131l\u0131n\u0131z\u0131 en i\u00e7ten dileklerimle kutlar, 2026 y\u0131l\u0131n\u0131n size, ailenize ve Tavas halk\u0131na \u015fans,&#8230;<\/p>\n","protected":false},"author":1,"featured_media":77780,"comment_status":"open","ping_status":"open","sticky":false,"template":"","format":"standard","meta":{"_crdt_document":"","footnotes":""},"categories":[123],"tags":[],"class_list":["post-77779","post","type-post","status-publish","format-standard","has-post-thumbnail","hentry","category-gundem"],"_links":{"self":[{"href":"https:\/\/www.egemtv.com\/index.php?rest_route=\/wp\/v2\/posts\/77779","targetHints":{"allow":["GET"]}}],"collection":[{"href":"https:\/\/www.egemtv.com\/index.php?rest_route=\/wp\/v2\/posts"}],"about":[{"href":"https:\/\/www.egemtv.com\/index.php?rest_route=\/wp\/v2\/types\/post"}],"author":[{"embeddable":true,"href":"https:\/\/www.egemtv.com\/index.php?rest_route=\/wp\/v2\/users\/1"}],"replies":[{"embeddable":true,"href":"https:\/\/www.egemtv.com\/index.php?rest_route=%2Fwp%2Fv2%2Fcomments&post=77779"}],"version-history":[{"count":1,"href":"https:\/\/www.egemtv.com\/index.php?rest_route=\/wp\/v2\/posts\/77779\/revisions"}],"predecessor-version":[{"id":77781,"href":"https:\/\/www.egemtv.com\/index.php?rest_route=\/wp\/v2\/posts\/77779\/revisions\/77781"}],"wp:featuredmedia":[{"embeddable":true,"href":"https:\/\/www.egemtv.com\/index.php?rest_route=\/wp\/v2\/media\/77780"}],"wp:attachment":[{"href":"https:\/\/www.egemtv.com\/index.php?rest_route=%2Fwp%2Fv2%2Fmedia&parent=77779"}],"wp:term":[{"taxonomy":"category","embeddable":true,"href":"https:\/\/www.egemtv.com\/index.php?rest_route=%2Fwp%2Fv2%2Fcategories&post=77779"},{"taxonomy":"post_tag","embeddable":true,"href":"https:\/\/www.egemtv.com\/index.php?rest_route=%2Fwp%2Fv2%2Ftags&post=77779"}],"curies":[{"name":"wp","href":"https:\/\/api.w.org\/{rel}","templated":true}]}}