{"id":77776,"date":"2025-12-31T12:54:47","date_gmt":"2025-12-31T09:54:47","guid":{"rendered":"https:\/\/www.egemtv.com\/?p=77776"},"modified":"2025-12-31T12:54:48","modified_gmt":"2025-12-31T09:54:48","slug":"aliaga-ilce-emniyet-mudurlugunden-yilbasi-tedbirleri","status":"publish","type":"post","link":"https:\/\/www.egemtv.com\/?p=77776","title":{"rendered":"Alia\u011fa \u0130l\u00e7e Emniyet M\u00fcd\u00fcrl\u00fc\u011f\u00fc\u2019nden y\u0131lba\u015f\u0131 tedbirleri"},"content":{"rendered":"<p>Alia\u011fa \u0130l\u00e7e Emniyet M\u00fcd\u00fcrl\u00fc\u011f\u00fc, vatanda\u015flar\u0131n y\u0131lba\u015f\u0131n\u0131 huzur ve g\u00fcven i\u00e7inde ge\u00e7irebilmesi amac\u0131yla il\u00e7e genelinde g\u00fcvenlik tedbirlerini \u00fcst seviyeye \u00e7\u0131kard\u0131.<br \/>\n<br \/>Al\u0131nan tedbirler kapsam\u0131nda, y\u0131lba\u015f\u0131 gecesi ba\u015fta meydanlar, e\u011flence alanlar\u0131, ana arterler ve yo\u011funluk ya\u015fanabilecek noktalar olmak \u00fczere il\u00e7e genelinde denetim ve kontroller art\u0131r\u0131ld\u0131. Asayi\u015f, trafik ve devriye ekiplerinin g\u00f6rev ba\u015f\u0131nda olaca\u011f\u0131 bildirildi.<br \/>\n<br \/>Alia\u011fa \u0130l\u00e7e Emniyet M\u00fcd\u00fcrl\u00fc\u011f\u00fc yetkilileri, vatanda\u015flar\u0131n yeni y\u0131la g\u00fcvenli bir \u015fekilde girmesi i\u00e7in t\u00fcm haz\u0131rl\u0131klar\u0131n tamamland\u0131\u011f\u0131n\u0131 belirterek, 2026 y\u0131l\u0131n\u0131n Alia\u011fa halk\u0131 i\u00e7in sa\u011fl\u0131kl\u0131, huzurlu ve g\u00fczel bir y\u0131l olmas\u0131 temennisinde bulundu.<br \/><\/p>\n","protected":false},"excerpt":{"rendered":"<p>Alia\u011fa \u0130l\u00e7e Emniyet M\u00fcd\u00fcrl\u00fc\u011f\u00fc, vatanda\u015flar\u0131n y\u0131lba\u015f\u0131n\u0131 huzur ve g\u00fcven i\u00e7inde ge\u00e7irebilmesi amac\u0131yla il\u00e7e genelinde g\u00fcvenlik tedbirlerini \u00fcst seviyeye \u00e7\u0131kard\u0131. Al\u0131nan tedbirler kapsam\u0131nda, y\u0131lba\u015f\u0131 gecesi ba\u015fta meydanlar, e\u011flence alanlar\u0131, ana arterler ve yo\u011funluk ya\u015fanabilecek noktalar olmak \u00fczere il\u00e7e genelinde denetim ve kontroller art\u0131r\u0131ld\u0131. Asayi\u015f, trafik ve devriye ekiplerinin g\u00f6rev ba\u015f\u0131nda olaca\u011f\u0131 bildirildi. Alia\u011fa \u0130l\u00e7e Emniyet M\u00fcd\u00fcrl\u00fc\u011f\u00fc&#8230;<\/p>\n","protected":false},"author":1,"featured_media":77777,"comment_status":"open","ping_status":"open","sticky":false,"template":"","format":"standard","meta":{"_crdt_document":"","footnotes":""},"categories":[5],"tags":[],"class_list":["post-77776","post","type-post","status-publish","format-standard","has-post-thumbnail","hentry","category-asayis"],"_links":{"self":[{"href":"https:\/\/www.egemtv.com\/index.php?rest_route=\/wp\/v2\/posts\/77776","targetHints":{"allow":["GET"]}}],"collection":[{"href":"https:\/\/www.egemtv.com\/index.php?rest_route=\/wp\/v2\/posts"}],"about":[{"href":"https:\/\/www.egemtv.com\/index.php?rest_route=\/wp\/v2\/types\/post"}],"author":[{"embeddable":true,"href":"https:\/\/www.egemtv.com\/index.php?rest_route=\/wp\/v2\/users\/1"}],"replies":[{"embeddable":true,"href":"https:\/\/www.egemtv.com\/index.php?rest_route=%2Fwp%2Fv2%2Fcomments&post=77776"}],"version-history":[{"count":1,"href":"https:\/\/www.egemtv.com\/index.php?rest_route=\/wp\/v2\/posts\/77776\/revisions"}],"predecessor-version":[{"id":77778,"href":"https:\/\/www.egemtv.com\/index.php?rest_route=\/wp\/v2\/posts\/77776\/revisions\/77778"}],"wp:featuredmedia":[{"embeddable":true,"href":"https:\/\/www.egemtv.com\/index.php?rest_route=\/wp\/v2\/media\/77777"}],"wp:attachment":[{"href":"https:\/\/www.egemtv.com\/index.php?rest_route=%2Fwp%2Fv2%2Fmedia&parent=77776"}],"wp:term":[{"taxonomy":"category","embeddable":true,"href":"https:\/\/www.egemtv.com\/index.php?rest_route=%2Fwp%2Fv2%2Fcategories&post=77776"},{"taxonomy":"post_tag","embeddable":true,"href":"https:\/\/www.egemtv.com\/index.php?rest_route=%2Fwp%2Fv2%2Ftags&post=77776"}],"curies":[{"name":"wp","href":"https:\/\/api.w.org\/{rel}","templated":true}]}}