{"id":77770,"date":"2025-12-31T12:34:39","date_gmt":"2025-12-31T09:34:39","guid":{"rendered":"https:\/\/www.egemtv.com\/?p=77770"},"modified":"2025-12-31T12:34:40","modified_gmt":"2025-12-31T09:34:40","slug":"menemende-2025-acilislar-yili-oldu","status":"publish","type":"post","link":"https:\/\/www.egemtv.com\/?p=77770","title":{"rendered":"Menemen\u2019de 2025 a\u00e7\u0131l\u0131\u015flar y\u0131l\u0131 oldu"},"content":{"rendered":"<p>Menemen Belediyesi, ger\u00e7ekle\u015ftirdi\u011fi a\u00e7\u0131l\u0131\u015flarla 2025 y\u0131l\u0131nda dikkatleri \u00fczerine \u00e7ekti. May\u0131s ay\u0131nda T\u00fcrkelli Kapal\u0131 Pazar Yeri\u2019nin kurdela kesimiyle ba\u015flayan a\u00e7\u0131l\u0131\u015flar serisinde toplam 8 tesis hizmete girdi.<br \/>\n<br \/>Menemen Belediyesi, ger\u00e7ekle\u015ftirdi\u011fi a\u00e7\u0131l\u0131\u015flarla bir \u00f6nceki y\u0131l gibi 2025 y\u0131l\u0131nda da \u00f6rnek g\u00f6sterildi. Menemen Belediye Ba\u015fkan\u0131 Ayd\u0131n Pehlivan\u2019\u0131n Nisan ay\u0131nda Menemen Belediye Meclisi\u2019nde s\u00f6z\u00fcn\u00fc verdi\u011fi \u2018her ay yeni bir a\u00e7\u0131l\u0131\u015f\u2019 m\u00fcjdesi do\u011frultusunda il\u00e7eye de\u011fer katan 8 yeni tesis, vatanda\u015flar\u0131n kullan\u0131m\u0131na sunuldu.<br \/>\n<br \/>Menemen Belediyesi taraf\u0131ndan ger\u00e7ekle\u015ftirilen a\u00e7\u0131l\u0131\u015flar serisinin ilk halkas\u0131 T\u00fcrkelli Kapal\u0131 Pazar Yeri oldu. B\u00f6lge halk\u0131n\u0131n ihtiya\u00e7lar\u0131 ve T\u00fcrkelli\u2019nin geli\u015fimi do\u011frultusunda haz\u0131rlanan kapal\u0131 pazar yeri projesine peyzaj d\u00fczenlemesi de eklenirken, a\u00e7\u0131l\u0131\u015f\u0131 May\u0131s ay\u0131nda ger\u00e7ekle\u015ftirildi. ikinci durak Ulukent oldu. B\u00f6lgede ya\u015fayan vatanda\u015flar\u0131n hastaneye gitmeden de \u00e7e\u015fitli sa\u011fl\u0131k hizmetlerini almas\u0131 ad\u0131na Menemen Belediyesi taraf\u0131ndan adeta bir butik hastane niteli\u011finde haz\u0131rlanan semt poliklini\u011fi, \u0130zmir \u0130l Sa\u011fl\u0131k M\u00fcd\u00fcrl\u00fc\u011f\u00fc ile yap\u0131lan protokol do\u011frultusunda g\u00fcnde 500 hasta kapasitesiyle a\u00e7\u0131ld\u0131.<\/p>\n<p>Ayn\u0131sefa \u00e7ok sevildi<br \/>\n<br \/>A\u00e7\u0131l\u0131\u015flar Temmuz, A\u011fustos ve Eyl\u00fcl aylar\u0131nda da aral\u0131ks\u0131z devam etti. Temmuz\u2019da Kent-2 Ayn\u0131sefa Sosyal Tesisi, hijyen, lezzet ve hesapl\u0131 fiyatlar\u0131yla hizmete a\u00e7\u0131l\u0131rken, Eyl\u00fcl\u2019de de Menemen kent merkezinde yer alan \u015eehir Park\u0131\u2019nda Ayn\u0131sefa \u015eehir Park\u0131 Kafe, t\u00f6renle hizmete girdi. Ayr\u0131ca manevi de\u011ferler do\u011frultusunda A\u011fustos\u2019ta da Hayk\u0131ran\u2019a yak\u0131\u015f\u0131r bir mimari ile Ahmet Kahraman Camii ibadete a\u00e7\u0131ld\u0131.<\/p>\n<p>Sonbahar ve k\u0131\u015f aylar\u0131nda da h\u0131z kesilmedi<br \/>\n<br \/>Ekim ay\u0131nda il\u00e7eye teknolojik bir merkez olarak Dijital Deneyim Merkezi a\u00e7\u0131ld\u0131. Atat\u00fcrk ve Kurtulu\u015f Sava\u015f\u0131 temas\u0131yla a\u00e7\u0131lan Dijital Deneyim Merkezi\u2019nde \u00f6\u011frenciler ve arzu eden vatanda\u015flar, g\u00f6rsel ve i\u015fitsel teknolojiyle yak\u0131n tarihimizin \u015fanl\u0131 destan\u0131n\u0131 bir kez daha \u00f6\u011frenme ve izleme f\u0131rsat\u0131 buluyor. \u0130l\u00e7ede Kas\u0131m ay\u0131nda ise Koyundere Taziye Evi a\u00e7\u0131l\u0131\u015f\u0131 ger\u00e7ekle\u015ftirildi. B\u00f6lgedeki vatanda\u015flar\u0131n talepleri do\u011frultusunda mutfa\u011f\u0131ndan ibadethanesine t\u00fcm ihtiya\u00e7lar\u0131 d\u00fc\u015f\u00fcn\u00fclerek olu\u015fturulan Koyundere Taziye Evi, 200 metrekarelik alanda hizmet vermeye ba\u015flad\u0131.<\/p>\n<p>E\u011fitime bir yat\u0131r\u0131m daha<br \/>\n<br \/>A\u00e7\u0131l\u0131\u015flar zincirinin son halkas\u0131 ise Seyrek oldu. Ba\u015fkan Ayd\u0131n Pehlivan\u2019\u0131n e\u011fitime olan hassasiyetiyle olu\u015fturulan Seyrek Anaokulu, d\u00fczenlenen \u00e7o\u015fkulu t\u00f6renle a\u00e7\u0131ld\u0131. Bin metrekarelik anaokulu, 100 \u00f6\u011frenci kapasitesiyle hizmet verecek.<\/p>\n<p>B\u00fct\u00e7emizi, il\u00e7emize yat\u0131r\u0131m i\u00e7in kullan\u0131yoruz<br \/>\n<br \/>Menemen\u2019de ger\u00e7ekle\u015ftirilen a\u00e7\u0131l\u0131\u015flara ili\u015fkin konu\u015fan Menemen Belediye Ba\u015fkan\u0131 Ayd\u0131n Pehlivan, &#8220;B\u00fct\u00e7emizi il\u00e7emize yat\u0131r\u0131m i\u00e7in kullan\u0131yoruz.&#8221; dedi. Ba\u015fkan Pehlivan, &#8220;Menemen\u2019de olu\u015fturdu\u011funuz Menemen 35+ konseptiyle, yaln\u0131zca eksikleri gideren de\u011fil, fark olu\u015fturan bir il\u00e7e olmak ad\u0131na \u00e7al\u0131\u015f\u0131yoruz. \u0130l\u00e7emizin tek bir b\u00f6lgesinde de\u011fil, d\u00f6rt bir k\u00f6\u015fesinde ger\u00e7ekle\u015ftirdi\u011fimiz a\u00e7\u0131l\u0131\u015flarla her ya\u015ftan hem\u015fehrimize uygun \u00e7al\u0131\u015fmalar ortaya koyduk. Yaln\u0131zca a\u00e7\u0131l\u0131\u015flarla de\u011fil, hizmetlerimizle de dolu dolu bir y\u0131l\u0131 geride b\u0131rakt\u0131k. 100\u2019e yak\u0131n \u00fccretsiz kurs ve spor tesislerimizle, hizmet belediyecili\u011finin, yepyeni tesislerimizle de eser belediyecili\u011finin en g\u00fczel \u00f6rneklerini  hem\u015fehrilerimizle bulu\u015fturduk. Gazi Mustafa Kemal Atat\u00fcrk\u2019ten ald\u0131\u011f\u0131m\u0131z ilham ve Cumhurba\u015fkan\u0131m\u0131z Say\u0131n Recep Tayyip Erdo\u011fan\u2019\u0131n hizmet belediyecili\u011fi vizyonuyla 2025 y\u0131l\u0131n\u0131 da t\u0131pk\u0131 bir \u00f6nceki y\u0131l gibi a\u00e7\u0131l\u0131\u015flar y\u0131l\u0131 olarak geride b\u0131rak\u0131yoruz.&#8221; dedi.<\/p>\n<p>Ba\u015fkan Pehlivan\u2019dan yeni y\u0131l mesaj\u0131<br \/>\n<br \/>A\u00e7\u0131klamas\u0131nda Menemenliler ba\u015fta olmak \u00fczere t\u00fcm insanl\u0131\u011f\u0131n yeni y\u0131l\u0131n\u0131 kutlad\u0131\u011f\u0131n\u0131 dile getiren Ba\u015fkan Ayd\u0131n Pehlivan, &#8220;Yeni y\u0131l; sava\u015flar\u0131n yerine bar\u0131\u015f\u0131, korkular\u0131n yerine umudu, karamsarl\u0131\u011f\u0131n yerine ayd\u0131nl\u0131k yar\u0131nlar\u0131 getirsin. D\u00fcnyan\u0131n her yerinde iyili\u011fi b\u00fcy\u00fctmek isteyen herkesin yolu a\u00e7\u0131k olsun. Bu duygularla ba\u015fta de\u011ferli Menemenli hem\u015fehrilerim olmak \u00fczere, \u00fclkemize ve t\u00fcm insanl\u0131\u011fa sa\u011fl\u0131k, huzur, bereket ve bar\u0131\u015f dolu bir y\u0131l diliyorum. Yeni y\u0131l\u0131m\u0131z kutlu olsun.&#8221; dedi.<br \/><\/p>\n","protected":false},"excerpt":{"rendered":"<p>Menemen Belediyesi, ger\u00e7ekle\u015ftirdi\u011fi a\u00e7\u0131l\u0131\u015flarla 2025 y\u0131l\u0131nda dikkatleri \u00fczerine \u00e7ekti. May\u0131s ay\u0131nda T\u00fcrkelli Kapal\u0131 Pazar Yeri\u2019nin kurdela kesimiyle ba\u015flayan a\u00e7\u0131l\u0131\u015flar serisinde toplam 8 tesis hizmete girdi. Menemen Belediyesi, ger\u00e7ekle\u015ftirdi\u011fi a\u00e7\u0131l\u0131\u015flarla bir \u00f6nceki y\u0131l gibi 2025 y\u0131l\u0131nda da \u00f6rnek g\u00f6sterildi. Menemen Belediye Ba\u015fkan\u0131 Ayd\u0131n Pehlivan\u2019\u0131n Nisan ay\u0131nda Menemen Belediye Meclisi\u2019nde s\u00f6z\u00fcn\u00fc verdi\u011fi \u2018her ay yeni bir a\u00e7\u0131l\u0131\u015f\u2019&#8230;<\/p>\n","protected":false},"author":1,"featured_media":77771,"comment_status":"open","ping_status":"open","sticky":false,"template":"","format":"standard","meta":{"_crdt_document":"","footnotes":""},"categories":[1],"tags":[],"class_list":["post-77770","post","type-post","status-publish","format-standard","has-post-thumbnail","hentry","category-guncel"],"_links":{"self":[{"href":"https:\/\/www.egemtv.com\/index.php?rest_route=\/wp\/v2\/posts\/77770","targetHints":{"allow":["GET"]}}],"collection":[{"href":"https:\/\/www.egemtv.com\/index.php?rest_route=\/wp\/v2\/posts"}],"about":[{"href":"https:\/\/www.egemtv.com\/index.php?rest_route=\/wp\/v2\/types\/post"}],"author":[{"embeddable":true,"href":"https:\/\/www.egemtv.com\/index.php?rest_route=\/wp\/v2\/users\/1"}],"replies":[{"embeddable":true,"href":"https:\/\/www.egemtv.com\/index.php?rest_route=%2Fwp%2Fv2%2Fcomments&post=77770"}],"version-history":[{"count":1,"href":"https:\/\/www.egemtv.com\/index.php?rest_route=\/wp\/v2\/posts\/77770\/revisions"}],"predecessor-version":[{"id":77772,"href":"https:\/\/www.egemtv.com\/index.php?rest_route=\/wp\/v2\/posts\/77770\/revisions\/77772"}],"wp:featuredmedia":[{"embeddable":true,"href":"https:\/\/www.egemtv.com\/index.php?rest_route=\/wp\/v2\/media\/77771"}],"wp:attachment":[{"href":"https:\/\/www.egemtv.com\/index.php?rest_route=%2Fwp%2Fv2%2Fmedia&parent=77770"}],"wp:term":[{"taxonomy":"category","embeddable":true,"href":"https:\/\/www.egemtv.com\/index.php?rest_route=%2Fwp%2Fv2%2Fcategories&post=77770"},{"taxonomy":"post_tag","embeddable":true,"href":"https:\/\/www.egemtv.com\/index.php?rest_route=%2Fwp%2Fv2%2Ftags&post=77770"}],"curies":[{"name":"wp","href":"https:\/\/api.w.org\/{rel}","templated":true}]}}