{"id":77767,"date":"2025-12-31T12:15:16","date_gmt":"2025-12-31T09:15:16","guid":{"rendered":"https:\/\/www.egemtv.com\/?p=77767"},"modified":"2025-12-31T12:15:17","modified_gmt":"2025-12-31T09:15:17","slug":"saphane-myoda-sosyo-ekonomik-analiz-ve-politika-gelistirme-ogrenci-calistayi-baslikli-etkinlik","status":"publish","type":"post","link":"https:\/\/www.egemtv.com\/?p=77767","title":{"rendered":"\u015eaphane MYO\u2019da &#8220;Sosyo-Ekonomik Analiz ve Politika Geli\u015ftirme \u00d6\u011frenci \u00c7al\u0131\u015ftay\u0131&#8221; ba\u015fl\u0131kl\u0131 etkinlik"},"content":{"rendered":"<p>K\u00fctahya Dumlup\u0131nar \u00dcniversitesi (DP\u00dc) \u015eaphane Meslek Y\u00fcksekokulu\u2019nda (MYO), &#8220;\u015eaphane \u0130l\u00e7esi Sosyo-Ekonomik Analiz ve Politika Geli\u015ftirme \u00d6\u011frenci \u00c7al\u0131\u015ftay\u0131&#8221; ba\u015fl\u0131kl\u0131 etkinlik ger\u00e7ekle\u015ftirildi.<br \/>\n<br \/>\u015eaphane MYO Konferans Salonu\u2019nda d\u00fczenlenen \u00e7al\u0131\u015ftaya, \u015eaphane Kaymakam\u0131 Davut Bozta\u015f, \u015eaphane MYO M\u00fcd\u00fcr\u00fc \u00d6\u011fr. G\u00f6r. Dr. Y\u0131lmaz \u00c7etiner, M\u00fcd\u00fcr Yard\u0131mc\u0131s\u0131 \u00d6\u011fr. G\u00f6r. Dr. Serdar Karaz ile \u00d6\u011fr. G\u00f6r. Salih Kalkan oturum ba\u015fkan\u0131 olarak kat\u0131ld\u0131. Etkinli\u011fe akademisyenler ve \u00f6\u011frenciler de yo\u011fun ilgi g\u00f6sterdi.<br \/>\n<br \/>Dan\u0131\u015fmanl\u0131\u011f\u0131n\u0131 \u00d6\u011fr. G\u00f6r. Salih Kalkan\u2019\u0131n \u00fcstlendi\u011fi \u00e7al\u0131\u015ftayda, \u015eaphane il\u00e7esinin sosyo-ekonomik yap\u0131s\u0131n\u0131n \u00e7ok boyutlu olarak ele al\u0131nmas\u0131 ve yerel kalk\u0131nmaya y\u00f6nelik uygulanabilir politika \u00f6nerilerinin geli\u015ftirilmesi ama\u00e7land\u0131. Bu kapsamda il\u00e7enin mevcut sosyo-ekonomik durumu b\u00fct\u00fcnc\u00fcl bir yakla\u015f\u0131mla analiz edilirken, kar\u015f\u0131la\u015f\u0131lan yap\u0131sal sorunlar da tespit edildi.<br \/>\n<br \/>\u00c7al\u0131\u015ftayda, g\u00f6\u00e7 ve n\u00fcfus hareketleri, i\u015fsizlik ve istihdam yap\u0131s\u0131, tar\u0131m ve hayvanc\u0131l\u0131k faaliyetleri, ticaretin mevcut durumu, sa\u011fl\u0131k hizmetlerine eri\u015fim, sosyal alanlar\u0131n yeterlili\u011fi ile ula\u015f\u0131m altyap\u0131s\u0131 gibi ba\u015fl\u0131klar ele al\u0131nd\u0131. Akademik bilgi birikimi, \u00f6\u011frenci bak\u0131\u015f a\u00e7\u0131s\u0131 ve yerel payda\u015flar\u0131n katk\u0131lar\u0131yla y\u00fcr\u00fct\u00fclen \u00e7al\u0131\u015ftayda, \u015eaphane\u2019nin sosyo-ekonomik potansiyelinin bilimsel ve analitik bir perspektifle de\u011ferlendirilerek s\u00fcrd\u00fcr\u00fclebilir kalk\u0131nmaya y\u00f6nelik ortak bir ak\u0131l olu\u015fturulmas\u0131 hedeflendi.<br \/>\n<br \/>\u00c7al\u0131\u015ftay, sunum ger\u00e7ekle\u015ftiren \u00f6\u011frencilere te\u015fekk\u00fcr belgelerinin takdim edilmesiyle sona erdi.<br \/><\/p>\n","protected":false},"excerpt":{"rendered":"<p>K\u00fctahya Dumlup\u0131nar \u00dcniversitesi (DP\u00dc) \u015eaphane Meslek Y\u00fcksekokulu\u2019nda (MYO), &#8220;\u015eaphane \u0130l\u00e7esi Sosyo-Ekonomik Analiz ve Politika Geli\u015ftirme \u00d6\u011frenci \u00c7al\u0131\u015ftay\u0131&#8221; ba\u015fl\u0131kl\u0131 etkinlik ger\u00e7ekle\u015ftirildi. \u015eaphane MYO Konferans Salonu\u2019nda d\u00fczenlenen \u00e7al\u0131\u015ftaya, \u015eaphane Kaymakam\u0131 Davut Bozta\u015f, \u015eaphane MYO M\u00fcd\u00fcr\u00fc \u00d6\u011fr. G\u00f6r. Dr. Y\u0131lmaz \u00c7etiner, M\u00fcd\u00fcr Yard\u0131mc\u0131s\u0131 \u00d6\u011fr. G\u00f6r. Dr. Serdar Karaz ile \u00d6\u011fr. G\u00f6r. Salih Kalkan oturum ba\u015fkan\u0131 olarak kat\u0131ld\u0131. Etkinli\u011fe&#8230;<\/p>\n","protected":false},"author":1,"featured_media":77768,"comment_status":"open","ping_status":"open","sticky":false,"template":"","format":"standard","meta":{"_crdt_document":"","footnotes":""},"categories":[1],"tags":[],"class_list":["post-77767","post","type-post","status-publish","format-standard","has-post-thumbnail","hentry","category-guncel"],"_links":{"self":[{"href":"https:\/\/www.egemtv.com\/index.php?rest_route=\/wp\/v2\/posts\/77767","targetHints":{"allow":["GET"]}}],"collection":[{"href":"https:\/\/www.egemtv.com\/index.php?rest_route=\/wp\/v2\/posts"}],"about":[{"href":"https:\/\/www.egemtv.com\/index.php?rest_route=\/wp\/v2\/types\/post"}],"author":[{"embeddable":true,"href":"https:\/\/www.egemtv.com\/index.php?rest_route=\/wp\/v2\/users\/1"}],"replies":[{"embeddable":true,"href":"https:\/\/www.egemtv.com\/index.php?rest_route=%2Fwp%2Fv2%2Fcomments&post=77767"}],"version-history":[{"count":1,"href":"https:\/\/www.egemtv.com\/index.php?rest_route=\/wp\/v2\/posts\/77767\/revisions"}],"predecessor-version":[{"id":77769,"href":"https:\/\/www.egemtv.com\/index.php?rest_route=\/wp\/v2\/posts\/77767\/revisions\/77769"}],"wp:featuredmedia":[{"embeddable":true,"href":"https:\/\/www.egemtv.com\/index.php?rest_route=\/wp\/v2\/media\/77768"}],"wp:attachment":[{"href":"https:\/\/www.egemtv.com\/index.php?rest_route=%2Fwp%2Fv2%2Fmedia&parent=77767"}],"wp:term":[{"taxonomy":"category","embeddable":true,"href":"https:\/\/www.egemtv.com\/index.php?rest_route=%2Fwp%2Fv2%2Fcategories&post=77767"},{"taxonomy":"post_tag","embeddable":true,"href":"https:\/\/www.egemtv.com\/index.php?rest_route=%2Fwp%2Fv2%2Ftags&post=77767"}],"curies":[{"name":"wp","href":"https:\/\/api.w.org\/{rel}","templated":true}]}}