{"id":77764,"date":"2025-12-31T11:54:45","date_gmt":"2025-12-31T08:54:45","guid":{"rendered":"https:\/\/www.egemtv.com\/?p=77764"},"modified":"2025-12-31T11:54:46","modified_gmt":"2025-12-31T08:54:46","slug":"kutahyada-potanin-kraliceleri-moymul-spor-oldu","status":"publish","type":"post","link":"https:\/\/www.egemtv.com\/?p=77764","title":{"rendered":"K\u00fctahya\u2019da potan\u0131n krali\u00e7eleri Moymul Spor oldu"},"content":{"rendered":"<p>K\u00fctahya basketbol altyap\u0131s\u0131n\u0131n heyecan dolu m\u00fcsabakalar\u0131na sahne olan U-18 K\u0131zlar Ligi\u2019nde sezonun \u015fampiyonu Moymul Spor oldu. K\u00fctahya Yeni Spor Salonu\u2019nda oynanan final ma\u00e7lar\u0131n\u0131n ard\u0131ndan rakiplerine \u00fcst\u00fcnl\u00fck sa\u011flayan Moymul Spor\u2019un gen\u00e7 k\u0131zlar\u0131, \u015fampiyonluk co\u015fkusunu doyas\u0131ya ya\u015fad\u0131.<br \/>\n<br \/>Antren\u00f6rler Kerem Sab ve Alperen Ayd\u0131n y\u00f6netiminde sezona s\u0131k\u0131 bir haz\u0131rl\u0131k s\u00fcreciyle giren Moymul Spor U-18 K\u0131z Tak\u0131m\u0131, sahada g\u00f6sterdi\u011fi disiplinli oyun ve m\u00fccadeleci ruhuyla izleyenlerden tam not ald\u0131. Teknik heyetin stratejik hamleleri ve oyuncular\u0131n saha i\u00e7i koordinasyonu, galibiyeti getiren ana unsurlar oldu.<br \/>\n<br \/>\u015eampiyonluk sonras\u0131 a\u00e7\u0131klamalarda bulunan Moymul Spor Kul\u00fcp Ba\u015fkan\u0131 Ahmet Karab\u0131y\u0131k, kul\u00fcp olarak her bran\u015fta ba\u015far\u0131y\u0131 hedeflediklerini belirtti. Karab\u0131y\u0131k, &#8220;Moymul Spor ailesi olarak bug\u00fcn bir gurur g\u00fcn\u00fc daha ya\u015f\u0131yoruz. U-18 K\u0131z tak\u0131m\u0131m\u0131z, zorlu ge\u00e7en turnuvada K\u00fctahya \u015fampiyonu olarak bizleri onurland\u0131rd\u0131. G\u00fczel bir ba\u015far\u0131 elde ettik; her bir sporcumun eme\u011fine, y\u00fcre\u011fine sa\u011fl\u0131k. Onlarla gurur duyuyorum. Bu ba\u015far\u0131da b\u00fcy\u00fck pay sahibi olan Kerem Sab ve Alperen Ayd\u0131n hocalar\u0131m\u0131z\u0131 da tebrik ediyorum&#8221; dedi.<br \/>\n<br \/>K\u00fctahya Yeni Spor Salonu\u2019nda ger\u00e7ekle\u015ftirilen kupa t\u00f6reninde, \u015fampiyon sporcular madalyalar\u0131n\u0131 ve kupalar\u0131n\u0131 yetkililerin elinden ald\u0131. T\u00f6ren, sporcular\u0131n teknik heyet ve y\u00f6netimle birlikte \u00e7ektirdi\u011fi hat\u0131ra foto\u011fraf\u0131yla sona erdi. Moymul Spor, bu sonu\u00e7la K\u00fctahya\u2019y\u0131 b\u00f6lge \u015fampiyonalar\u0131nda temsil etme hakk\u0131 kazand\u0131.<br \/><\/p>\n","protected":false},"excerpt":{"rendered":"<p>K\u00fctahya basketbol altyap\u0131s\u0131n\u0131n heyecan dolu m\u00fcsabakalar\u0131na sahne olan U-18 K\u0131zlar Ligi\u2019nde sezonun \u015fampiyonu Moymul Spor oldu. K\u00fctahya Yeni Spor Salonu\u2019nda oynanan final ma\u00e7lar\u0131n\u0131n ard\u0131ndan rakiplerine \u00fcst\u00fcnl\u00fck sa\u011flayan Moymul Spor\u2019un gen\u00e7 k\u0131zlar\u0131, \u015fampiyonluk co\u015fkusunu doyas\u0131ya ya\u015fad\u0131. Antren\u00f6rler Kerem Sab ve Alperen Ayd\u0131n y\u00f6netiminde sezona s\u0131k\u0131 bir haz\u0131rl\u0131k s\u00fcreciyle giren Moymul Spor U-18 K\u0131z Tak\u0131m\u0131, sahada g\u00f6sterdi\u011fi&#8230;<\/p>\n","protected":false},"author":1,"featured_media":77765,"comment_status":"open","ping_status":"open","sticky":false,"template":"","format":"standard","meta":{"_crdt_document":"","footnotes":""},"categories":[4],"tags":[],"class_list":["post-77764","post","type-post","status-publish","format-standard","has-post-thumbnail","hentry","category-spor"],"_links":{"self":[{"href":"https:\/\/www.egemtv.com\/index.php?rest_route=\/wp\/v2\/posts\/77764","targetHints":{"allow":["GET"]}}],"collection":[{"href":"https:\/\/www.egemtv.com\/index.php?rest_route=\/wp\/v2\/posts"}],"about":[{"href":"https:\/\/www.egemtv.com\/index.php?rest_route=\/wp\/v2\/types\/post"}],"author":[{"embeddable":true,"href":"https:\/\/www.egemtv.com\/index.php?rest_route=\/wp\/v2\/users\/1"}],"replies":[{"embeddable":true,"href":"https:\/\/www.egemtv.com\/index.php?rest_route=%2Fwp%2Fv2%2Fcomments&post=77764"}],"version-history":[{"count":1,"href":"https:\/\/www.egemtv.com\/index.php?rest_route=\/wp\/v2\/posts\/77764\/revisions"}],"predecessor-version":[{"id":77766,"href":"https:\/\/www.egemtv.com\/index.php?rest_route=\/wp\/v2\/posts\/77764\/revisions\/77766"}],"wp:featuredmedia":[{"embeddable":true,"href":"https:\/\/www.egemtv.com\/index.php?rest_route=\/wp\/v2\/media\/77765"}],"wp:attachment":[{"href":"https:\/\/www.egemtv.com\/index.php?rest_route=%2Fwp%2Fv2%2Fmedia&parent=77764"}],"wp:term":[{"taxonomy":"category","embeddable":true,"href":"https:\/\/www.egemtv.com\/index.php?rest_route=%2Fwp%2Fv2%2Fcategories&post=77764"},{"taxonomy":"post_tag","embeddable":true,"href":"https:\/\/www.egemtv.com\/index.php?rest_route=%2Fwp%2Fv2%2Ftags&post=77764"}],"curies":[{"name":"wp","href":"https:\/\/api.w.org\/{rel}","templated":true}]}}