{"id":77761,"date":"2025-12-31T11:54:44","date_gmt":"2025-12-31T08:54:44","guid":{"rendered":"https:\/\/www.egemtv.com\/?p=77761"},"modified":"2025-12-31T11:54:45","modified_gmt":"2025-12-31T08:54:45","slug":"baskan-yilmaz-bazi-sektorlerdeki-daralmaya-dikkat-cekti","status":"publish","type":"post","link":"https:\/\/www.egemtv.com\/?p=77761","title":{"rendered":"Ba\u015fkan Y\u0131lmaz baz\u0131 sekt\u00f6rlerdeki daralmaya dikkat \u00e7ekti"},"content":{"rendered":"<p>Manisa Ticaret ve Sanayi Odas\u0131\u2019n\u0131n y\u0131l\u0131n son meclis toplant\u0131s\u0131nda 2025 ekonomisi masaya yat\u0131r\u0131ld\u0131. Manisa Ticaret ve Sanayi Odas\u0131 Ba\u015fkan\u0131 Mehmet Y\u0131lmaz, tar\u0131m, tekstil ve in\u015faatta ya\u015fanan daralmaya dikkat \u00e7ekerek 2026 i\u00e7in finansman sorununun \u00e7\u00f6z\u00fclmesi \u00e7a\u011fr\u0131s\u0131nda bulundu.<br \/>\n<br \/>Manisa Ticaret ve Sanayi Odas\u0131\u2019n\u0131n (Manisa TSO) Aral\u0131k Ay\u0131 Ola\u011fan Meclis Toplant\u0131s\u0131, Meclis Ba\u015fkan\u0131 \u00dcmit T\u00fcrek ba\u015fkanl\u0131\u011f\u0131nda, meclis \u00fcyelerinin yo\u011fun kat\u0131l\u0131m\u0131yla ger\u00e7ekle\u015ftirildi. Y\u0131l\u0131n son meclis toplant\u0131s\u0131nda 2025 y\u0131l\u0131n\u0131n genel de\u011ferlendirmesi yap\u0131l\u0131rken, \u00fclke ve d\u00fcnya ekonomisindeki geli\u015fmeler, Manisa i\u015f d\u00fcnyas\u0131n\u0131n mevcut durumu, Odan\u0131n y\u0131l boyunca y\u00fcr\u00fctt\u00fc\u011f\u00fc faaliyetler ile 2026 y\u0131l\u0131na ili\u015fkin hedefler ele al\u0131nd\u0131.<br \/>\n<br \/>Toplant\u0131da konu\u015fan Manisa Ticaret ve Sanayi Odas\u0131 Y\u00f6netim Kurulu Ba\u015fkan\u0131 Mehmet Y\u0131lmaz, 2025 y\u0131l\u0131n\u0131n ekonomik g\u00f6stergeler a\u00e7\u0131s\u0131ndan bir \u00f6nceki y\u0131la g\u00f6re daha olumlu ge\u00e7ti\u011fini ancak yap\u0131sal sorunlar\u0131n devam etti\u011fini s\u00f6yledi.<\/p>\n<p>&#8220;Baz\u0131 sekt\u00f6rlerimiz 2025 y\u0131l\u0131nda ciddi s\u0131k\u0131nt\u0131lar ya\u015fad\u0131&#8221;<br \/>\n<br \/>Sekt\u00f6rel de\u011ferlendirmelerde bulunan Ba\u015fkan Y\u0131lmaz, tar\u0131m, sanayi ve in\u015faat sekt\u00f6rlerinde ya\u015fanan sorunlara dikkat \u00e7ekti. Tar\u0131m sekt\u00f6r\u00fcndeki k\u00fc\u00e7\u00fclmenin tar\u0131msal ve hayvansal \u00fcretimde kay\u0131plara yol a\u00e7t\u0131\u011f\u0131n\u0131 belirten Y\u0131lmaz, sanayi sekt\u00f6r\u00fcnde \u00f6zellikle tekstil alan\u0131nda ciddi daralmalar ya\u015fand\u0131\u011f\u0131n\u0131 ifade etti.<br \/>\n<br \/>\u0130n\u015faat sekt\u00f6r\u00fcnde konut fiyatlar\u0131 ve kira bedellerindeki art\u0131\u015flar\u0131n maliyetleri y\u00fckseltirken sosyal sorunlar\u0131 da beraberinde getirdi\u011fini dile getiren Y\u0131lmaz, Euro\/Dolar paritesindeki art\u0131\u015f\u0131n ise ihracat\u00e7\u0131lar ve turizmciler \u00fczerinde bask\u0131 olu\u015fturdu\u011funu kaydetti.<\/p>\n<p>&#8220;T\u00fcrkiye\u2019nin itici g\u00fcc\u00fc t\u00fcketim de\u011fil, \u00fcretim ve yat\u0131r\u0131md\u0131r&#8221;<br \/>\n<br \/>T\u00fcrkiye ekonomisinin temel itici g\u00fcc\u00fcn\u00fcn t\u00fcketim de\u011fil, \u00fcretim ve yat\u0131r\u0131m olmas\u0131 gerekti\u011fini vurgulayan Ba\u015fkan Y\u0131lmaz, t\u00fcketim kaynakl\u0131 ge\u00e7ici canlanmalar yerine katma de\u011ferli \u00fcretimi ve kal\u0131c\u0131 yat\u0131r\u0131mlar\u0131 \u00f6nceleyen bir b\u00fcy\u00fcme modelinin benimsenmesi gerekti\u011fini s\u00f6yledi.<br \/>\n<br \/>Y\u0131lmaz, &#8220;\u00dclkemize yeni yat\u0131r\u0131mlar \u00e7ekebilmek i\u00e7in yat\u0131r\u0131m ortam\u0131n\u0131 iyile\u015ftirmeliyiz. Sanayicimizin ve t\u00fcccar\u0131m\u0131z\u0131n en b\u00fcy\u00fck beklentisi, 2026 y\u0131l\u0131nda finansman sorununun hafiflemesi ve kredi k\u0131s\u0131tlar\u0131n\u0131n kald\u0131r\u0131lmas\u0131d\u0131r&#8221; dedi.<\/p>\n<p>SEGE-2025 verilerine g\u00f6re Manisa g\u00fc\u00e7l\u00fc konumunu koruyor<br \/>\n<br \/>Konu\u015fmas\u0131nda T.C. Sanayi ve Teknoloji Bakanl\u0131\u011f\u0131 taraf\u0131ndan haz\u0131rlanan SEGE-2025 verilerine de de\u011finen Ba\u015fkan Y\u0131lmaz, Manisa\u2019n\u0131n sosyo-ekonomik geli\u015fmi\u015flik a\u00e7\u0131s\u0131ndan \u00fcst s\u0131ralarda yer ald\u0131\u011f\u0131n\u0131 belirtti.<br \/>\n<br \/>SEGE-2025 verilerine g\u00f6re Manisa; 81 il aras\u0131nda 20\u2019nci s\u0131rada, te\u015fvik belgeli yat\u0131r\u0131mlar\u0131n toplam tutar\u0131nda y\u00fczde 5,3 pay ile 4\u2019\u00fcnc\u00fc s\u0131rada, istihdam oran\u0131nda 13\u2019\u00fcnc\u00fc s\u0131rada, y\u00fcksek ve orta-y\u00fcksek teknolojili sekt\u00f6rlerde \u00e7al\u0131\u015fan oran\u0131nda 8\u2019inci s\u0131rada ve ki\u015fi ba\u015f\u0131na d\u00fc\u015fen ihracatta 14\u2019\u00fcnc\u00fc s\u0131rada yer ald\u0131. Y\u0131lmaz, bu verilerin Manisa\u2019n\u0131n g\u00fc\u00e7l\u00fc sanayi altyap\u0131s\u0131n\u0131 ve rekabet\u00e7i yap\u0131s\u0131n\u0131 ortaya koydu\u011funu ifade etti.<\/p>\n<p>2025 y\u0131l\u0131 faaliyetleri payla\u015f\u0131ld\u0131<br \/>\n<br \/>Toplant\u0131da Manisa TSO\u2019nun 2025 y\u0131l\u0131 boyunca ger\u00e7ekle\u015ftirdi\u011fi faaliyetler de meclis \u00fcyeleriyle payla\u015f\u0131ld\u0131. \u0130hracat, ye\u015fil d\u00f6n\u00fc\u015f\u00fcm, dijitalle\u015fme, enerji verimlili\u011fi, e-ticaret, kurumsal y\u00f6netim ve devlet destekleri ba\u015fta olmak \u00fczere bir\u00e7ok alanda seminer ve paneller d\u00fczenlendi\u011fi belirtildi.<br \/>\n<br \/>Ulusal ve uluslararas\u0131 projeler, i\u015f ve inceleme gezileri, e\u011fitim programlar\u0131 ve gen\u00e7 istihdam\u0131na y\u00f6nelik \u00e7al\u0131\u015fmalarla Manisa i\u015f d\u00fcnyas\u0131na katk\u0131 sunuldu\u011fu vurguland\u0131.<\/p>\n<p>2026 y\u0131l\u0131 b\u00fct\u00e7esi oy birli\u011fiyle kabul edildi<br \/>\n<br \/>Meclis toplant\u0131s\u0131nda Manisa Ticaret ve Sanayi Odas\u0131\u2019n\u0131n 2026 Y\u0131l\u0131 B\u00fct\u00e7esi de g\u00f6r\u00fc\u015f\u00fclerek oy birli\u011fiyle kabul edildi. Kabul edilen b\u00fct\u00e7enin, Odan\u0131n hizmet kapasitesinin art\u0131r\u0131lmas\u0131 ve Manisa i\u015f d\u00fcnyas\u0131n\u0131n rekabet g\u00fcc\u00fcn\u00fcn desteklenmesi amac\u0131yla kullan\u0131laca\u011f\u0131 ifade edildi.<br \/>\n<br \/>Toplant\u0131n\u0131n sonunda yeni y\u0131l mesaj\u0131 veren Ba\u015fkan Y\u0131lmaz, &#8220;2026 y\u0131l\u0131n\u0131n i\u015f d\u00fcnyam\u0131za, \u015fehrimize ve \u00fclkemize sa\u011fl\u0131k, huzur, bereket ve ba\u015far\u0131 getirmesini diliyorum. Manisa Ticaret ve Sanayi Odas\u0131 olarak \u00fcretim, yat\u0131r\u0131m ve istihdam odakl\u0131 \u00e7al\u0131\u015fmalar\u0131m\u0131za kararl\u0131l\u0131kla devam edece\u011fiz&#8221; diye konu\u015ftu.<br \/><\/p>\n","protected":false},"excerpt":{"rendered":"<p>Manisa Ticaret ve Sanayi Odas\u0131\u2019n\u0131n y\u0131l\u0131n son meclis toplant\u0131s\u0131nda 2025 ekonomisi masaya yat\u0131r\u0131ld\u0131. Manisa Ticaret ve Sanayi Odas\u0131 Ba\u015fkan\u0131 Mehmet Y\u0131lmaz, tar\u0131m, tekstil ve in\u015faatta ya\u015fanan daralmaya dikkat \u00e7ekerek 2026 i\u00e7in finansman sorununun \u00e7\u00f6z\u00fclmesi \u00e7a\u011fr\u0131s\u0131nda bulundu. Manisa Ticaret ve Sanayi Odas\u0131\u2019n\u0131n (Manisa TSO) Aral\u0131k Ay\u0131 Ola\u011fan Meclis Toplant\u0131s\u0131, Meclis Ba\u015fkan\u0131 \u00dcmit T\u00fcrek ba\u015fkanl\u0131\u011f\u0131nda, meclis \u00fcyelerinin&#8230;<\/p>\n","protected":false},"author":1,"featured_media":77762,"comment_status":"open","ping_status":"open","sticky":false,"template":"","format":"standard","meta":{"_crdt_document":"","footnotes":""},"categories":[125],"tags":[],"class_list":["post-77761","post","type-post","status-publish","format-standard","has-post-thumbnail","hentry","category-ekonomi"],"_links":{"self":[{"href":"https:\/\/www.egemtv.com\/index.php?rest_route=\/wp\/v2\/posts\/77761","targetHints":{"allow":["GET"]}}],"collection":[{"href":"https:\/\/www.egemtv.com\/index.php?rest_route=\/wp\/v2\/posts"}],"about":[{"href":"https:\/\/www.egemtv.com\/index.php?rest_route=\/wp\/v2\/types\/post"}],"author":[{"embeddable":true,"href":"https:\/\/www.egemtv.com\/index.php?rest_route=\/wp\/v2\/users\/1"}],"replies":[{"embeddable":true,"href":"https:\/\/www.egemtv.com\/index.php?rest_route=%2Fwp%2Fv2%2Fcomments&post=77761"}],"version-history":[{"count":1,"href":"https:\/\/www.egemtv.com\/index.php?rest_route=\/wp\/v2\/posts\/77761\/revisions"}],"predecessor-version":[{"id":77763,"href":"https:\/\/www.egemtv.com\/index.php?rest_route=\/wp\/v2\/posts\/77761\/revisions\/77763"}],"wp:featuredmedia":[{"embeddable":true,"href":"https:\/\/www.egemtv.com\/index.php?rest_route=\/wp\/v2\/media\/77762"}],"wp:attachment":[{"href":"https:\/\/www.egemtv.com\/index.php?rest_route=%2Fwp%2Fv2%2Fmedia&parent=77761"}],"wp:term":[{"taxonomy":"category","embeddable":true,"href":"https:\/\/www.egemtv.com\/index.php?rest_route=%2Fwp%2Fv2%2Fcategories&post=77761"},{"taxonomy":"post_tag","embeddable":true,"href":"https:\/\/www.egemtv.com\/index.php?rest_route=%2Fwp%2Fv2%2Ftags&post=77761"}],"curies":[{"name":"wp","href":"https:\/\/api.w.org\/{rel}","templated":true}]}}