{"id":77758,"date":"2025-12-31T11:54:43","date_gmt":"2025-12-31T08:54:43","guid":{"rendered":"https:\/\/www.egemtv.com\/?p=77758"},"modified":"2025-12-31T11:54:44","modified_gmt":"2025-12-31T08:54:44","slug":"tavsanli-tarimsal-gelecegi-masaya-yatirildi","status":"publish","type":"post","link":"https:\/\/www.egemtv.com\/?p=77758","title":{"rendered":"Tav\u015fanl\u0131 tar\u0131msal gelece\u011fi masaya yat\u0131r\u0131ld\u0131"},"content":{"rendered":"<p>K\u00fctahya\u2019n\u0131n Tav\u015fanl\u0131 il\u00e7esinde, b\u00f6lge tar\u0131m\u0131n\u0131 kalk\u0131nd\u0131rmak ve sulama sorunlar\u0131na kal\u0131c\u0131 \u00e7\u00f6z\u00fcmler \u00fcretmek amac\u0131yla isti\u015fare toplant\u0131s\u0131 d\u00fczenlendi.<br \/>\n<br \/>Milletvekili Mehmet Demir ba\u015fkanl\u0131\u011f\u0131nda d\u00fczenlenen toplant\u0131ya; AK Parti Tav\u015fanl\u0131 \u0130l\u00e7e Ba\u015fkan\u0131 Himmet \u00d6zer, Tar\u0131m ve Orman \u0130l\u00e7e M\u00fcd\u00fcr\u00fc Mustafa G\u00f6k\u00e7e, Tav\u015fanl\u0131 Ziraat Odas\u0131 Ba\u015fkan\u0131 \u0130smail Akp\u0131nar, DS\u0130 K\u00fctahya \u015eube M\u00fcd\u00fcr\u00fc \u0130brahim Kavak, DS\u0130 \u0130\u015fletme Bak\u0131m Ba\u015fm\u00fchendisi Metin Erkul, Tav\u015fanl\u0131 Sulama Birli\u011fi Ba\u015fkan\u0131 O\u011fuzhan Din\u00e7, Ziraat Odas\u0131 Ba\u015fkan Yard\u0131mc\u0131s\u0131 Mehmet Ali Bal\u0131 ve \u0130l Genel Meclis \u00dcyesi Ahmet Y\u00fcksel kat\u0131ld\u0131.<br \/>\n<br \/>Toplant\u0131da, Tav\u015fanl\u0131 genelindeki tar\u0131msal \u00fcretimin art\u0131r\u0131lmas\u0131, mevcut sulama altyap\u0131s\u0131n\u0131n modernizasyonu ve \u00e7ift\u00e7ilerin sahada kar\u015f\u0131la\u015ft\u0131\u011f\u0131 kronik sorunlar \u00fczerine kapsaml\u0131 de\u011ferlendirmeler yap\u0131ld\u0131. \u00d6zellikle su kaynaklar\u0131n\u0131n verimli kullan\u0131m\u0131 ve \u00f6n\u00fcm\u00fczdeki d\u00f6nemde hayata ge\u00e7irilecek sulama projeleri masadaki en \u00f6nemli g\u00fcndem maddeleri oldu.<br \/>\n<br \/>Toplant\u0131 sonras\u0131 a\u00e7\u0131klamalarda bulunan Milletvekili Mehmet Demir, \u00fcretim odakl\u0131 bir siyaset izlediklerini belirterek \u015fu ifadeleri kulland\u0131: &#8220;Toplant\u0131m\u0131zda Tav\u015fanl\u0131\u2019m\u0131z\u0131n tar\u0131msal \u00fcretimi ve sulama altyap\u0131s\u0131 \u00fczerine \u00f6nemli kararlar ald\u0131k. \u00dcreticimizi g\u00fc\u00e7lendiren, suyu verimli kullanan ve k\u0131rsal kalk\u0131nmay\u0131 \u00f6nceleyen \u00e7al\u0131\u015fmalar\u0131m\u0131z\u0131 isti\u015fare k\u00fclt\u00fcr\u00fcyle s\u00fcrd\u00fcrmeye devam edece\u011fiz. Tav\u015fanl\u0131 tar\u0131m\u0131n\u0131 daha ileriye ta\u015f\u0131mak i\u00e7in katk\u0131 sunan t\u00fcm payda\u015flar\u0131m\u0131za te\u015fekk\u00fcr ediyorum.&#8221;<br \/>\n<br \/>DS\u0130 ve Tar\u0131m M\u00fcd\u00fcrl\u00fc\u011f\u00fc yetkililerinin teknik sunumlar yapt\u0131\u011f\u0131 toplant\u0131n\u0131n, il\u00e7edeki yeni yat\u0131r\u0131mlar\u0131n yol haritas\u0131n\u0131 belirledi\u011fi kaydedildi. K\u0131rsal kalk\u0131nma hamlelerinin, yerel y\u00f6netim ve merkezi h\u00fck\u00fcmet i\u015f birli\u011fiyle h\u0131zland\u0131r\u0131laca\u011f\u0131 vurguland\u0131.<br \/><\/p>\n","protected":false},"excerpt":{"rendered":"<p>K\u00fctahya\u2019n\u0131n Tav\u015fanl\u0131 il\u00e7esinde, b\u00f6lge tar\u0131m\u0131n\u0131 kalk\u0131nd\u0131rmak ve sulama sorunlar\u0131na kal\u0131c\u0131 \u00e7\u00f6z\u00fcmler \u00fcretmek amac\u0131yla isti\u015fare toplant\u0131s\u0131 d\u00fczenlendi. Milletvekili Mehmet Demir ba\u015fkanl\u0131\u011f\u0131nda d\u00fczenlenen toplant\u0131ya; AK Parti Tav\u015fanl\u0131 \u0130l\u00e7e Ba\u015fkan\u0131 Himmet \u00d6zer, Tar\u0131m ve Orman \u0130l\u00e7e M\u00fcd\u00fcr\u00fc Mustafa G\u00f6k\u00e7e, Tav\u015fanl\u0131 Ziraat Odas\u0131 Ba\u015fkan\u0131 \u0130smail Akp\u0131nar, DS\u0130 K\u00fctahya \u015eube M\u00fcd\u00fcr\u00fc \u0130brahim Kavak, DS\u0130 \u0130\u015fletme Bak\u0131m Ba\u015fm\u00fchendisi Metin Erkul, Tav\u015fanl\u0131&#8230;<\/p>\n","protected":false},"author":1,"featured_media":77759,"comment_status":"open","ping_status":"open","sticky":false,"template":"","format":"standard","meta":{"_crdt_document":"","footnotes":""},"categories":[125],"tags":[],"class_list":["post-77758","post","type-post","status-publish","format-standard","has-post-thumbnail","hentry","category-ekonomi"],"_links":{"self":[{"href":"https:\/\/www.egemtv.com\/index.php?rest_route=\/wp\/v2\/posts\/77758","targetHints":{"allow":["GET"]}}],"collection":[{"href":"https:\/\/www.egemtv.com\/index.php?rest_route=\/wp\/v2\/posts"}],"about":[{"href":"https:\/\/www.egemtv.com\/index.php?rest_route=\/wp\/v2\/types\/post"}],"author":[{"embeddable":true,"href":"https:\/\/www.egemtv.com\/index.php?rest_route=\/wp\/v2\/users\/1"}],"replies":[{"embeddable":true,"href":"https:\/\/www.egemtv.com\/index.php?rest_route=%2Fwp%2Fv2%2Fcomments&post=77758"}],"version-history":[{"count":1,"href":"https:\/\/www.egemtv.com\/index.php?rest_route=\/wp\/v2\/posts\/77758\/revisions"}],"predecessor-version":[{"id":77760,"href":"https:\/\/www.egemtv.com\/index.php?rest_route=\/wp\/v2\/posts\/77758\/revisions\/77760"}],"wp:featuredmedia":[{"embeddable":true,"href":"https:\/\/www.egemtv.com\/index.php?rest_route=\/wp\/v2\/media\/77759"}],"wp:attachment":[{"href":"https:\/\/www.egemtv.com\/index.php?rest_route=%2Fwp%2Fv2%2Fmedia&parent=77758"}],"wp:term":[{"taxonomy":"category","embeddable":true,"href":"https:\/\/www.egemtv.com\/index.php?rest_route=%2Fwp%2Fv2%2Fcategories&post=77758"},{"taxonomy":"post_tag","embeddable":true,"href":"https:\/\/www.egemtv.com\/index.php?rest_route=%2Fwp%2Fv2%2Ftags&post=77758"}],"curies":[{"name":"wp","href":"https:\/\/api.w.org\/{rel}","templated":true}]}}