{"id":77755,"date":"2025-12-31T11:54:43","date_gmt":"2025-12-31T08:54:43","guid":{"rendered":"https:\/\/www.egemtv.com\/?p=77755"},"modified":"2025-12-31T11:54:43","modified_gmt":"2025-12-31T08:54:43","slug":"efelerde-universiteli-gencler-nasuh-pasa-kulliyesinde-bulustu","status":"publish","type":"post","link":"https:\/\/www.egemtv.com\/?p=77755","title":{"rendered":"Efeler\u2019de \u00fcniversiteli gen\u00e7ler Nasuh Pa\u015fa K\u00fclliyesi\u2019nde bulu\u015ftu"},"content":{"rendered":"<p>Efeler \u0130l\u00e7e M\u00fcft\u00fcl\u00fc\u011f\u00fc Gen\u00e7lik Koordinat\u00f6rl\u00fc\u011f\u00fc \u00f6nc\u00fcl\u00fc\u011f\u00fcnde, Adnan Menderes \u00dcniversitesi \u00f6\u011frencilerine y\u00f6nelik tan\u0131\u015fma ve kayna\u015fma program\u0131 d\u00fczenlendi. Nasuh Pa\u015fa K\u00fclliyesi\u2019nde ger\u00e7ekle\u015ftirilen etkinli\u011fe KYK yurtlar\u0131nda kalan \u00fcniversite \u00f6\u011frencileri kat\u0131ld\u0131.<\/p>\n<p>Efeler \u0130l\u00e7e M\u00fcft\u00fcl\u00fc\u011f\u00fc Gen\u00e7lik Koordinat\u00f6rl\u00fc\u011f\u00fc \u00f6nc\u00fcl\u00fc\u011f\u00fcnde, Adnan Menderes \u00dcniversitesi \u00f6\u011frencilerine y\u00f6nelik anlaml\u0131 bir etkinlik ger\u00e7ekle\u015ftirildi. Nasuh Pa\u015fa K\u00fclliyesi\u2019nde d\u00fczenlenen programa KYK yurtlar\u0131nda kalan \u00fcniversite \u00f6\u011frencileri kat\u0131ld\u0131. Tan\u0131\u015fma ve kayna\u015fma amac\u0131yla yap\u0131lan etkinlikte \u00f6\u011frenciler bir araya gelerek hem birbirleriyle tan\u0131\u015fma f\u0131rsat\u0131 buldu hem de manevi atmosferde keyifli vakit ge\u00e7irdi. Samimi sohbetlerin yap\u0131ld\u0131\u011f\u0131 etkinlik, toplu foto\u011fraf \u00e7ekimi ve ikramla sona erdi.<br \/><\/p>\n","protected":false},"excerpt":{"rendered":"<p>Efeler \u0130l\u00e7e M\u00fcft\u00fcl\u00fc\u011f\u00fc Gen\u00e7lik Koordinat\u00f6rl\u00fc\u011f\u00fc \u00f6nc\u00fcl\u00fc\u011f\u00fcnde, Adnan Menderes \u00dcniversitesi \u00f6\u011frencilerine y\u00f6nelik tan\u0131\u015fma ve kayna\u015fma program\u0131 d\u00fczenlendi. Nasuh Pa\u015fa K\u00fclliyesi\u2019nde ger\u00e7ekle\u015ftirilen etkinli\u011fe KYK yurtlar\u0131nda kalan \u00fcniversite \u00f6\u011frencileri kat\u0131ld\u0131. Efeler \u0130l\u00e7e M\u00fcft\u00fcl\u00fc\u011f\u00fc Gen\u00e7lik Koordinat\u00f6rl\u00fc\u011f\u00fc \u00f6nc\u00fcl\u00fc\u011f\u00fcnde, Adnan Menderes \u00dcniversitesi \u00f6\u011frencilerine y\u00f6nelik anlaml\u0131 bir etkinlik ger\u00e7ekle\u015ftirildi. Nasuh Pa\u015fa K\u00fclliyesi\u2019nde d\u00fczenlenen programa KYK yurtlar\u0131nda kalan \u00fcniversite \u00f6\u011frencileri kat\u0131ld\u0131. Tan\u0131\u015fma ve&#8230;<\/p>\n","protected":false},"author":1,"featured_media":77756,"comment_status":"open","ping_status":"open","sticky":false,"template":"","format":"standard","meta":{"_crdt_document":"","footnotes":""},"categories":[1],"tags":[],"class_list":["post-77755","post","type-post","status-publish","format-standard","has-post-thumbnail","hentry","category-guncel"],"_links":{"self":[{"href":"https:\/\/www.egemtv.com\/index.php?rest_route=\/wp\/v2\/posts\/77755","targetHints":{"allow":["GET"]}}],"collection":[{"href":"https:\/\/www.egemtv.com\/index.php?rest_route=\/wp\/v2\/posts"}],"about":[{"href":"https:\/\/www.egemtv.com\/index.php?rest_route=\/wp\/v2\/types\/post"}],"author":[{"embeddable":true,"href":"https:\/\/www.egemtv.com\/index.php?rest_route=\/wp\/v2\/users\/1"}],"replies":[{"embeddable":true,"href":"https:\/\/www.egemtv.com\/index.php?rest_route=%2Fwp%2Fv2%2Fcomments&post=77755"}],"version-history":[{"count":1,"href":"https:\/\/www.egemtv.com\/index.php?rest_route=\/wp\/v2\/posts\/77755\/revisions"}],"predecessor-version":[{"id":77757,"href":"https:\/\/www.egemtv.com\/index.php?rest_route=\/wp\/v2\/posts\/77755\/revisions\/77757"}],"wp:featuredmedia":[{"embeddable":true,"href":"https:\/\/www.egemtv.com\/index.php?rest_route=\/wp\/v2\/media\/77756"}],"wp:attachment":[{"href":"https:\/\/www.egemtv.com\/index.php?rest_route=%2Fwp%2Fv2%2Fmedia&parent=77755"}],"wp:term":[{"taxonomy":"category","embeddable":true,"href":"https:\/\/www.egemtv.com\/index.php?rest_route=%2Fwp%2Fv2%2Fcategories&post=77755"},{"taxonomy":"post_tag","embeddable":true,"href":"https:\/\/www.egemtv.com\/index.php?rest_route=%2Fwp%2Fv2%2Ftags&post=77755"}],"curies":[{"name":"wp","href":"https:\/\/api.w.org\/{rel}","templated":true}]}}