{"id":77752,"date":"2025-12-31T11:34:59","date_gmt":"2025-12-31T08:34:59","guid":{"rendered":"https:\/\/www.egemtv.com\/?p=77752"},"modified":"2025-12-31T11:35:00","modified_gmt":"2025-12-31T08:35:00","slug":"yilin-son-resim-atolyesi-renkli-anlara-sahne-oldu","status":"publish","type":"post","link":"https:\/\/www.egemtv.com\/?p=77752","title":{"rendered":"Y\u0131l\u0131n son resim at\u00f6lyesi renkli anlara sahne oldu"},"content":{"rendered":"<p>Sportif, sanatsal ve k\u00fclt\u00fcrel faaliyetlerle gen\u00e7lerin yeni cazibe merkezlerinden olan Ayd\u0131n Gen\u00e7lik Merkezi taraf\u0131ndan d\u00fczenlenen y\u0131l\u0131n son resim at\u00f6lyesi, gen\u00e7lerin yo\u011fun kat\u0131l\u0131m\u0131yla keyifli ve renkli bir atmosferde ger\u00e7ekle\u015ftirildi.<\/p>\n<p>Gen\u00e7lerin bo\u015f zamanlar\u0131n\u0131 en iyi \u015fekilde de\u011ferlendirmeleri i\u00e7in il genelinde, gen\u00e7lik merkezleri bir bir hayata ge\u00e7irilirken, y\u0131l boyunca faaliyetlerine devam eden Ayd\u0131n Gen\u00e7lik Merkezleri de gen\u00e7lerin e\u011fitim ve sportif geli\u015fimine katk\u0131 sa\u011fl\u0131yor. \u00dccretsiz olarak sunulan h\u0131zl\u0131 okuma, robotik kodlama, dene-yap at\u00f6lyeleri, sanat, m\u00fczik, spor gibi \u00e7e\u015fitli e\u011fitimler, gen\u00e7lerin \u00e7ok y\u00f6nl\u00fc bir geli\u015fimine imkan tan\u0131yor. Bu \u00e7er\u00e7evede Ayd\u0131n Gen\u00e7lik Merkezi koordinesinde d\u00fczenlenen resim at\u00f6lyesi de gen\u00e7lerin yeteneklerini ke\u015ffetmesini sa\u011fl\u0131yor. AD\u00dc Gen\u00e7 Ofis\u2019te d\u00fczenlenen y\u0131l\u0131n son resim at\u00f6lyesinde bir araya gelen gen\u00e7ler hem e\u011flendi hem de kendilerini geli\u015ftirdi. Renkli anlara sahne olan at\u00f6lyeye gen\u00e7ler de yo\u011fun ilgi g\u00f6sterirken, Ayd\u0131n Gen\u00e7lik Merkezi t\u00fcm gen\u00e7lere te\u015fekk\u00fcr ederek, yeni etkinliklerde yeniden bir araya gelmeyi temenni ettiklerini ifade etti.<br \/><\/p>\n","protected":false},"excerpt":{"rendered":"<p>Sportif, sanatsal ve k\u00fclt\u00fcrel faaliyetlerle gen\u00e7lerin yeni cazibe merkezlerinden olan Ayd\u0131n Gen\u00e7lik Merkezi taraf\u0131ndan d\u00fczenlenen y\u0131l\u0131n son resim at\u00f6lyesi, gen\u00e7lerin yo\u011fun kat\u0131l\u0131m\u0131yla keyifli ve renkli bir atmosferde ger\u00e7ekle\u015ftirildi. Gen\u00e7lerin bo\u015f zamanlar\u0131n\u0131 en iyi \u015fekilde de\u011ferlendirmeleri i\u00e7in il genelinde, gen\u00e7lik merkezleri bir bir hayata ge\u00e7irilirken, y\u0131l boyunca faaliyetlerine devam eden Ayd\u0131n Gen\u00e7lik Merkezleri de gen\u00e7lerin e\u011fitim&#8230;<\/p>\n","protected":false},"author":1,"featured_media":77753,"comment_status":"open","ping_status":"open","sticky":false,"template":"","format":"standard","meta":{"_crdt_document":"","footnotes":""},"categories":[1],"tags":[],"class_list":["post-77752","post","type-post","status-publish","format-standard","has-post-thumbnail","hentry","category-guncel"],"_links":{"self":[{"href":"https:\/\/www.egemtv.com\/index.php?rest_route=\/wp\/v2\/posts\/77752","targetHints":{"allow":["GET"]}}],"collection":[{"href":"https:\/\/www.egemtv.com\/index.php?rest_route=\/wp\/v2\/posts"}],"about":[{"href":"https:\/\/www.egemtv.com\/index.php?rest_route=\/wp\/v2\/types\/post"}],"author":[{"embeddable":true,"href":"https:\/\/www.egemtv.com\/index.php?rest_route=\/wp\/v2\/users\/1"}],"replies":[{"embeddable":true,"href":"https:\/\/www.egemtv.com\/index.php?rest_route=%2Fwp%2Fv2%2Fcomments&post=77752"}],"version-history":[{"count":1,"href":"https:\/\/www.egemtv.com\/index.php?rest_route=\/wp\/v2\/posts\/77752\/revisions"}],"predecessor-version":[{"id":77754,"href":"https:\/\/www.egemtv.com\/index.php?rest_route=\/wp\/v2\/posts\/77752\/revisions\/77754"}],"wp:featuredmedia":[{"embeddable":true,"href":"https:\/\/www.egemtv.com\/index.php?rest_route=\/wp\/v2\/media\/77753"}],"wp:attachment":[{"href":"https:\/\/www.egemtv.com\/index.php?rest_route=%2Fwp%2Fv2%2Fmedia&parent=77752"}],"wp:term":[{"taxonomy":"category","embeddable":true,"href":"https:\/\/www.egemtv.com\/index.php?rest_route=%2Fwp%2Fv2%2Fcategories&post=77752"},{"taxonomy":"post_tag","embeddable":true,"href":"https:\/\/www.egemtv.com\/index.php?rest_route=%2Fwp%2Fv2%2Ftags&post=77752"}],"curies":[{"name":"wp","href":"https:\/\/api.w.org\/{rel}","templated":true}]}}