{"id":77746,"date":"2025-12-31T11:34:57","date_gmt":"2025-12-31T08:34:57","guid":{"rendered":"https:\/\/www.egemtv.com\/?p=77746"},"modified":"2025-12-31T11:34:58","modified_gmt":"2025-12-31T08:34:58","slug":"karsiyaka-ile-trabzonspor-adem-yesilyurt-icin-masaya-oturacak","status":"publish","type":"post","link":"https:\/\/www.egemtv.com\/?p=77746","title":{"rendered":"Kar\u015f\u0131yaka ile Trabzonspor, Adem Ye\u015filyurt i\u00e7in masaya oturacak"},"content":{"rendered":"<p>Trabzonspor, Kar\u015f\u0131yaka\u2019da forma giyen 2007 do\u011fumlu kanat oyuncusu Adem Ye\u015filyurt\u2019u kadrosuna katmak i\u00e7in \u00e7al\u0131\u015fmalar\u0131n\u0131 h\u0131zland\u0131rd\u0131. Taraflar\u0131n, transferin ger\u00e7ekle\u015fmesi ad\u0131na cuma g\u00fcn\u00fc \u0130zmir\u2019de bir araya gelmesi bekleniyor.<br \/>\n<br \/>TFF 3. Lig 4. Grup\u2019ta \u015fampiyonluk m\u00fccadelesi veren Kar\u015f\u0131yaka, Burhanettin Basatem\u00fcr y\u00f6netiminde gen\u00e7 a\u011f\u0131rl\u0131kl\u0131 bir yap\u0131lanmaya giderek yeni bir sayfa a\u00e7t\u0131. Bu s\u00fcre\u00e7te bir\u00e7ok gelecek vadeden oyuncuyu kadrosuna katan ye\u015fil-k\u0131rm\u0131z\u0131l\u0131lar, altyap\u0131dan da pek \u00e7ok ismi A tak\u0131ma y\u00fckselterek forma \u015fans\u0131 verdi. Bu f\u0131rsat\u0131 en iyi \u015fekilde de\u011ferlendiren isimlerden biri de 18 ya\u015f\u0131ndaki kanat oyuncusu Adem Ye\u015filyurt oldu.<br \/>\n<br \/>\u00d6zellikle bahis cezalar\u0131n\u0131n ard\u0131ndan bir anda ilk 11\u2019de kendine yer bulan gen\u00e7 futbolcu, ortaya koydu\u011fu performansla futbol kamuoyunun dikkatini \u00e7ekti. Ligin ilk devresinin son 5 ma\u00e7\u0131nda 1 gol ve 2 asistlik katk\u0131 sa\u011flayan Adem, hem yurt i\u00e7inden hem de yurt d\u0131\u015f\u0131ndan bir\u00e7ok kul\u00fcb\u00fcn radar\u0131na girdi. Bu s\u00fcre\u00e7te en somut ad\u0131m\u0131 ise Trabzonspor att\u0131.<br \/>\n<br \/>Bordo-mavililerin, transferi netle\u015ftirmek ad\u0131na 2 Ocak Cuma g\u00fcn\u00fc \u0130zmir\u2019e gelerek g\u00f6r\u00fc\u015fmeleri y\u00fcz y\u00fcze s\u00fcrd\u00fcrmesi bekleniyor. Kar\u015f\u0131yaka\u2019n\u0131n transfer g\u00f6r\u00fc\u015fmelerine 5 milyon Euro\u2019dan ba\u015flad\u0131\u011f\u0131 ifade edilirken, Trabzonspor cephesinin bu rakam\u0131 a\u015fa\u011f\u0131 \u00e7ekmek i\u00e7in pazarl\u0131klar\u0131n\u0131 s\u00fcrd\u00fcrd\u00fc\u011f\u00fc belirtildi. Taraflar\u0131n orta noktada bulu\u015farak transferi sonu\u00e7land\u0131rmas\u0131 bekleniyor.<br \/><\/p>\n","protected":false},"excerpt":{"rendered":"<p>Trabzonspor, Kar\u015f\u0131yaka\u2019da forma giyen 2007 do\u011fumlu kanat oyuncusu Adem Ye\u015filyurt\u2019u kadrosuna katmak i\u00e7in \u00e7al\u0131\u015fmalar\u0131n\u0131 h\u0131zland\u0131rd\u0131. Taraflar\u0131n, transferin ger\u00e7ekle\u015fmesi ad\u0131na cuma g\u00fcn\u00fc \u0130zmir\u2019de bir araya gelmesi bekleniyor. TFF 3. Lig 4. Grup\u2019ta \u015fampiyonluk m\u00fccadelesi veren Kar\u015f\u0131yaka, Burhanettin Basatem\u00fcr y\u00f6netiminde gen\u00e7 a\u011f\u0131rl\u0131kl\u0131 bir yap\u0131lanmaya giderek yeni bir sayfa a\u00e7t\u0131. Bu s\u00fcre\u00e7te bir\u00e7ok gelecek vadeden oyuncuyu kadrosuna katan&#8230;<\/p>\n","protected":false},"author":1,"featured_media":77747,"comment_status":"open","ping_status":"open","sticky":false,"template":"","format":"standard","meta":{"_crdt_document":"","footnotes":""},"categories":[4],"tags":[],"class_list":["post-77746","post","type-post","status-publish","format-standard","has-post-thumbnail","hentry","category-spor"],"_links":{"self":[{"href":"https:\/\/www.egemtv.com\/index.php?rest_route=\/wp\/v2\/posts\/77746","targetHints":{"allow":["GET"]}}],"collection":[{"href":"https:\/\/www.egemtv.com\/index.php?rest_route=\/wp\/v2\/posts"}],"about":[{"href":"https:\/\/www.egemtv.com\/index.php?rest_route=\/wp\/v2\/types\/post"}],"author":[{"embeddable":true,"href":"https:\/\/www.egemtv.com\/index.php?rest_route=\/wp\/v2\/users\/1"}],"replies":[{"embeddable":true,"href":"https:\/\/www.egemtv.com\/index.php?rest_route=%2Fwp%2Fv2%2Fcomments&post=77746"}],"version-history":[{"count":1,"href":"https:\/\/www.egemtv.com\/index.php?rest_route=\/wp\/v2\/posts\/77746\/revisions"}],"predecessor-version":[{"id":77748,"href":"https:\/\/www.egemtv.com\/index.php?rest_route=\/wp\/v2\/posts\/77746\/revisions\/77748"}],"wp:featuredmedia":[{"embeddable":true,"href":"https:\/\/www.egemtv.com\/index.php?rest_route=\/wp\/v2\/media\/77747"}],"wp:attachment":[{"href":"https:\/\/www.egemtv.com\/index.php?rest_route=%2Fwp%2Fv2%2Fmedia&parent=77746"}],"wp:term":[{"taxonomy":"category","embeddable":true,"href":"https:\/\/www.egemtv.com\/index.php?rest_route=%2Fwp%2Fv2%2Fcategories&post=77746"},{"taxonomy":"post_tag","embeddable":true,"href":"https:\/\/www.egemtv.com\/index.php?rest_route=%2Fwp%2Fv2%2Ftags&post=77746"}],"curies":[{"name":"wp","href":"https:\/\/api.w.org\/{rel}","templated":true}]}}