{"id":77743,"date":"2025-12-31T11:15:14","date_gmt":"2025-12-31T08:15:14","guid":{"rendered":"https:\/\/www.egemtv.com\/?p=77743"},"modified":"2025-12-31T11:15:15","modified_gmt":"2025-12-31T08:15:15","slug":"afyonkarahisarda-kar-yagisi-etkili-oldu-4","status":"publish","type":"post","link":"https:\/\/www.egemtv.com\/?p=77743","title":{"rendered":"Afyonkarahisar\u2019da kar ya\u011f\u0131\u015f\u0131 etkili oldu"},"content":{"rendered":"<p>Meteorolojinin uyar\u0131lar\u0131 sonras\u0131 Afyonkarahisar\u2019da beklenen kar ya\u011f\u0131\u015f\u0131 sabah saatlerinde ba\u015flad\u0131.<br \/>\n<br \/>Kent Sabah saatlerinde ba\u015flayan ve halen devam eden kar ya\u011f\u0131\u015f\u0131 sonras\u0131 adeta beyaza b\u00fcr\u00fcnd\u00fc. Ya\u011f\u0131\u015fa haz\u0131rl\u0131ks\u0131z yakalanan vatanda\u015flar zor anlar ya\u015farken, s\u00fcr\u00fcc\u00fcler ise ya\u011f\u0131\u015ftan dolay\u0131 trafikte ilerlemekte zaman zaman g\u00fc\u00e7l\u00fck \u00e7ekti. Kent merkezinde etkili olan kar ya\u011f\u0131\u015f\u0131n\u0131n baz\u0131 il\u00e7elerde de etkisini g\u00f6sterdi\u011fi \u00f6\u011frenildi. Ya\u011f\u0131\u015fla birlikte hava s\u0131cakl\u0131klar\u0131 da hissedilir derecelerde azalarak s\u0131f\u0131r derecelere kadar d\u00fc\u015ft\u00fc.<br \/>\n<br \/>Meteorolojik verilere g\u00f6re ya\u011f\u0131\u015f\u0131n \u00f6\u011fle saatlerine kadar devam etmesi bekleniyor.<br \/><\/p>\n","protected":false},"excerpt":{"rendered":"<p>Meteorolojinin uyar\u0131lar\u0131 sonras\u0131 Afyonkarahisar\u2019da beklenen kar ya\u011f\u0131\u015f\u0131 sabah saatlerinde ba\u015flad\u0131. Kent Sabah saatlerinde ba\u015flayan ve halen devam eden kar ya\u011f\u0131\u015f\u0131 sonras\u0131 adeta beyaza b\u00fcr\u00fcnd\u00fc. Ya\u011f\u0131\u015fa haz\u0131rl\u0131ks\u0131z yakalanan vatanda\u015flar zor anlar ya\u015farken, s\u00fcr\u00fcc\u00fcler ise ya\u011f\u0131\u015ftan dolay\u0131 trafikte ilerlemekte zaman zaman g\u00fc\u00e7l\u00fck \u00e7ekti. Kent merkezinde etkili olan kar ya\u011f\u0131\u015f\u0131n\u0131n baz\u0131 il\u00e7elerde de etkisini g\u00f6sterdi\u011fi \u00f6\u011frenildi. Ya\u011f\u0131\u015fla birlikte&#8230;<\/p>\n","protected":false},"author":1,"featured_media":77744,"comment_status":"open","ping_status":"open","sticky":false,"template":"","format":"standard","meta":{"_crdt_document":"","footnotes":""},"categories":[1],"tags":[],"class_list":["post-77743","post","type-post","status-publish","format-standard","has-post-thumbnail","hentry","category-guncel"],"_links":{"self":[{"href":"https:\/\/www.egemtv.com\/index.php?rest_route=\/wp\/v2\/posts\/77743","targetHints":{"allow":["GET"]}}],"collection":[{"href":"https:\/\/www.egemtv.com\/index.php?rest_route=\/wp\/v2\/posts"}],"about":[{"href":"https:\/\/www.egemtv.com\/index.php?rest_route=\/wp\/v2\/types\/post"}],"author":[{"embeddable":true,"href":"https:\/\/www.egemtv.com\/index.php?rest_route=\/wp\/v2\/users\/1"}],"replies":[{"embeddable":true,"href":"https:\/\/www.egemtv.com\/index.php?rest_route=%2Fwp%2Fv2%2Fcomments&post=77743"}],"version-history":[{"count":1,"href":"https:\/\/www.egemtv.com\/index.php?rest_route=\/wp\/v2\/posts\/77743\/revisions"}],"predecessor-version":[{"id":77745,"href":"https:\/\/www.egemtv.com\/index.php?rest_route=\/wp\/v2\/posts\/77743\/revisions\/77745"}],"wp:featuredmedia":[{"embeddable":true,"href":"https:\/\/www.egemtv.com\/index.php?rest_route=\/wp\/v2\/media\/77744"}],"wp:attachment":[{"href":"https:\/\/www.egemtv.com\/index.php?rest_route=%2Fwp%2Fv2%2Fmedia&parent=77743"}],"wp:term":[{"taxonomy":"category","embeddable":true,"href":"https:\/\/www.egemtv.com\/index.php?rest_route=%2Fwp%2Fv2%2Fcategories&post=77743"},{"taxonomy":"post_tag","embeddable":true,"href":"https:\/\/www.egemtv.com\/index.php?rest_route=%2Fwp%2Fv2%2Ftags&post=77743"}],"curies":[{"name":"wp","href":"https:\/\/api.w.org\/{rel}","templated":true}]}}