{"id":77740,"date":"2025-12-31T11:15:13","date_gmt":"2025-12-31T08:15:13","guid":{"rendered":"https:\/\/www.egemtv.com\/?p=77740"},"modified":"2025-12-31T11:15:14","modified_gmt":"2025-12-31T08:15:14","slug":"nazilli-belediyesinden-yesil-mahalleye-5-bin-metrekarelik-yol-yatirimi","status":"publish","type":"post","link":"https:\/\/www.egemtv.com\/?p=77740","title":{"rendered":"Nazilli Belediyesi\u2019nden Ye\u015fil Mahalle\u2019ye 5 bin metrekarelik yol yat\u0131r\u0131m\u0131"},"content":{"rendered":"<p>Nazilli Belediyesi, Ye\u015fil Mahalle\u2019de uzun y\u0131llard\u0131r \u00e7\u00f6z\u00fcm bekleyen yol sorununu ortadan kald\u0131rd\u0131. Fen \u0130\u015fleri M\u00fcd\u00fcrl\u00fc\u011f\u00fc ekipleri taraf\u0131ndan 680 Sokak\u2019ta y\u00fcr\u00fct\u00fclen yol yenileme \u00e7al\u0131\u015fmalar\u0131 tamamlanarak vatanda\u015flar\u0131n hizmetine sunuldu.<\/p>\n<p>Yakla\u015f\u0131k 10 y\u0131ld\u0131r yat\u0131r\u0131m alamayan b\u00f6lgede yap\u0131lan saha incelemelerinin ard\u0131ndan \u00e7al\u0131\u015fmalara ba\u015flayan ekipler, yolun zeminini stabilize ederek parke ta\u015f\u0131 d\u00f6\u015feme i\u015flemlerini ger\u00e7ekle\u015ftirdi. Toplamda 5 bin metrekarelik alanda yap\u0131lan \u00e7al\u0131\u015fmalarla sokak modern ve kullan\u0131\u015fl\u0131 bir g\u00f6r\u00fcn\u00fcme kavu\u015ftu.<br \/>\n<br \/>\u00d6zellikle ya\u011f\u0131\u015fl\u0131 havalarda evlerine ula\u015fmakta g\u00fc\u00e7l\u00fck \u00e7eken mahalle sakinleri, yap\u0131lan \u00e7al\u0131\u015fmalardan duyduklar\u0131 memnuniyeti dile getirerek bu k\u0131\u015f daha rahat edeceklerini ifade etti.<\/p>\n<p>Kent genelinde ihtiya\u00e7 \u00f6nceli\u011fi g\u00f6zetilerek \u00e7al\u0131\u015fmalar\u0131n s\u00fcrd\u00fcr\u00fclece\u011fini belirten Nazilli Belediye Ba\u015fkan\u0131 Dr. Ertu\u011frul Tetik; &#8220;Vatanda\u015flar\u0131m\u0131z\u0131n ya\u015fam kalitesini art\u0131rmak amac\u0131yla yol, altyap\u0131 ve \u00fcstyap\u0131 \u00e7al\u0131\u015fmalar\u0131na aral\u0131ks\u0131z devam edece\u011fiz. \u00c7al\u0131\u015fmalar\u0131ndan dolay\u0131 t\u00fcm ekibime te\u015fekk\u00fcr ediyorum&#8221; dedi.<br \/><\/p>\n","protected":false},"excerpt":{"rendered":"<p>Nazilli Belediyesi, Ye\u015fil Mahalle\u2019de uzun y\u0131llard\u0131r \u00e7\u00f6z\u00fcm bekleyen yol sorununu ortadan kald\u0131rd\u0131. Fen \u0130\u015fleri M\u00fcd\u00fcrl\u00fc\u011f\u00fc ekipleri taraf\u0131ndan 680 Sokak\u2019ta y\u00fcr\u00fct\u00fclen yol yenileme \u00e7al\u0131\u015fmalar\u0131 tamamlanarak vatanda\u015flar\u0131n hizmetine sunuldu. Yakla\u015f\u0131k 10 y\u0131ld\u0131r yat\u0131r\u0131m alamayan b\u00f6lgede yap\u0131lan saha incelemelerinin ard\u0131ndan \u00e7al\u0131\u015fmalara ba\u015flayan ekipler, yolun zeminini stabilize ederek parke ta\u015f\u0131 d\u00f6\u015feme i\u015flemlerini ger\u00e7ekle\u015ftirdi. Toplamda 5 bin metrekarelik alanda yap\u0131lan&#8230;<\/p>\n","protected":false},"author":1,"featured_media":77741,"comment_status":"open","ping_status":"open","sticky":false,"template":"","format":"standard","meta":{"_crdt_document":"","footnotes":""},"categories":[1],"tags":[],"class_list":["post-77740","post","type-post","status-publish","format-standard","has-post-thumbnail","hentry","category-guncel"],"_links":{"self":[{"href":"https:\/\/www.egemtv.com\/index.php?rest_route=\/wp\/v2\/posts\/77740","targetHints":{"allow":["GET"]}}],"collection":[{"href":"https:\/\/www.egemtv.com\/index.php?rest_route=\/wp\/v2\/posts"}],"about":[{"href":"https:\/\/www.egemtv.com\/index.php?rest_route=\/wp\/v2\/types\/post"}],"author":[{"embeddable":true,"href":"https:\/\/www.egemtv.com\/index.php?rest_route=\/wp\/v2\/users\/1"}],"replies":[{"embeddable":true,"href":"https:\/\/www.egemtv.com\/index.php?rest_route=%2Fwp%2Fv2%2Fcomments&post=77740"}],"version-history":[{"count":1,"href":"https:\/\/www.egemtv.com\/index.php?rest_route=\/wp\/v2\/posts\/77740\/revisions"}],"predecessor-version":[{"id":77742,"href":"https:\/\/www.egemtv.com\/index.php?rest_route=\/wp\/v2\/posts\/77740\/revisions\/77742"}],"wp:featuredmedia":[{"embeddable":true,"href":"https:\/\/www.egemtv.com\/index.php?rest_route=\/wp\/v2\/media\/77741"}],"wp:attachment":[{"href":"https:\/\/www.egemtv.com\/index.php?rest_route=%2Fwp%2Fv2%2Fmedia&parent=77740"}],"wp:term":[{"taxonomy":"category","embeddable":true,"href":"https:\/\/www.egemtv.com\/index.php?rest_route=%2Fwp%2Fv2%2Fcategories&post=77740"},{"taxonomy":"post_tag","embeddable":true,"href":"https:\/\/www.egemtv.com\/index.php?rest_route=%2Fwp%2Fv2%2Ftags&post=77740"}],"curies":[{"name":"wp","href":"https:\/\/api.w.org\/{rel}","templated":true}]}}