{"id":77737,"date":"2025-12-31T11:15:13","date_gmt":"2025-12-31T08:15:13","guid":{"rendered":"https:\/\/www.egemtv.com\/?p=77737"},"modified":"2025-12-31T11:15:13","modified_gmt":"2025-12-31T08:15:13","slug":"koycegizde-sydv-mutevelli-heyeti-yilin-son-toplantisini-yapti","status":"publish","type":"post","link":"https:\/\/www.egemtv.com\/?p=77737","title":{"rendered":"K\u00f6yce\u011fiz\u2019de SYDV M\u00fctevelli heyeti y\u0131l\u0131n son toplant\u0131s\u0131n\u0131 yapt\u0131"},"content":{"rendered":"<p>Mu\u011fla\u2019n\u0131n K\u00f6yce\u011fiz il\u00e7esinde Sosyal Yard\u0131mla\u015fma ve Dayan\u0131\u015fma Vakf\u0131 M\u00fctevelli Heyeti y\u0131l\u0131n son toplant\u0131s\u0131n\u0131 Kaymakaml\u0131k makam\u0131nda yapt\u0131.<\/p>\n<p>K\u00f6yce\u011fiz Kaymakam\u0131 Mert Kumcu ba\u015fkanl\u0131\u011f\u0131nda 2025 y\u0131l\u0131n\u0131n son vak\u0131f m\u00fctevelli heyeti toplant\u0131s\u0131 ger\u00e7ekle\u015ftirildi. K\u00f6yce\u011fiz Sosyal Yard\u0131mla\u015fma ve Dayan\u0131\u015fma Vakf\u0131 M\u00fctevelli Heyeti toplant\u0131s\u0131nda 2025 y\u0131l\u0131nda yap\u0131lan \u00e7al\u0131\u015fmalar de\u011ferlendirilirken, 2026 y\u0131l\u0131nda yap\u0131lmas\u0131 planlanan \u00e7al\u0131\u015fmalar hakk\u0131nda fikir al\u0131\u015fveri\u015finde bulunuldu. Ayr\u0131ca bu y\u0131l g\u00f6rev s\u00fcresi dolan m\u00fctevelli heyeti \u00fcyesi H\u00fcsniye Berkul\u2019a yapt\u0131\u011f\u0131 \u00e7al\u0131\u015fmalardan dolay\u0131 te\u015fekk\u00fcr belgesi takdim edildi.<br \/><\/p>\n","protected":false},"excerpt":{"rendered":"<p>Mu\u011fla\u2019n\u0131n K\u00f6yce\u011fiz il\u00e7esinde Sosyal Yard\u0131mla\u015fma ve Dayan\u0131\u015fma Vakf\u0131 M\u00fctevelli Heyeti y\u0131l\u0131n son toplant\u0131s\u0131n\u0131 Kaymakaml\u0131k makam\u0131nda yapt\u0131. K\u00f6yce\u011fiz Kaymakam\u0131 Mert Kumcu ba\u015fkanl\u0131\u011f\u0131nda 2025 y\u0131l\u0131n\u0131n son vak\u0131f m\u00fctevelli heyeti toplant\u0131s\u0131 ger\u00e7ekle\u015ftirildi. K\u00f6yce\u011fiz Sosyal Yard\u0131mla\u015fma ve Dayan\u0131\u015fma Vakf\u0131 M\u00fctevelli Heyeti toplant\u0131s\u0131nda 2025 y\u0131l\u0131nda yap\u0131lan \u00e7al\u0131\u015fmalar de\u011ferlendirilirken, 2026 y\u0131l\u0131nda yap\u0131lmas\u0131 planlanan \u00e7al\u0131\u015fmalar hakk\u0131nda fikir al\u0131\u015fveri\u015finde bulunuldu. Ayr\u0131ca bu y\u0131l&#8230;<\/p>\n","protected":false},"author":1,"featured_media":77738,"comment_status":"open","ping_status":"open","sticky":false,"template":"","format":"standard","meta":{"_crdt_document":"","footnotes":""},"categories":[1],"tags":[],"class_list":["post-77737","post","type-post","status-publish","format-standard","has-post-thumbnail","hentry","category-guncel"],"_links":{"self":[{"href":"https:\/\/www.egemtv.com\/index.php?rest_route=\/wp\/v2\/posts\/77737","targetHints":{"allow":["GET"]}}],"collection":[{"href":"https:\/\/www.egemtv.com\/index.php?rest_route=\/wp\/v2\/posts"}],"about":[{"href":"https:\/\/www.egemtv.com\/index.php?rest_route=\/wp\/v2\/types\/post"}],"author":[{"embeddable":true,"href":"https:\/\/www.egemtv.com\/index.php?rest_route=\/wp\/v2\/users\/1"}],"replies":[{"embeddable":true,"href":"https:\/\/www.egemtv.com\/index.php?rest_route=%2Fwp%2Fv2%2Fcomments&post=77737"}],"version-history":[{"count":1,"href":"https:\/\/www.egemtv.com\/index.php?rest_route=\/wp\/v2\/posts\/77737\/revisions"}],"predecessor-version":[{"id":77739,"href":"https:\/\/www.egemtv.com\/index.php?rest_route=\/wp\/v2\/posts\/77737\/revisions\/77739"}],"wp:featuredmedia":[{"embeddable":true,"href":"https:\/\/www.egemtv.com\/index.php?rest_route=\/wp\/v2\/media\/77738"}],"wp:attachment":[{"href":"https:\/\/www.egemtv.com\/index.php?rest_route=%2Fwp%2Fv2%2Fmedia&parent=77737"}],"wp:term":[{"taxonomy":"category","embeddable":true,"href":"https:\/\/www.egemtv.com\/index.php?rest_route=%2Fwp%2Fv2%2Fcategories&post=77737"},{"taxonomy":"post_tag","embeddable":true,"href":"https:\/\/www.egemtv.com\/index.php?rest_route=%2Fwp%2Fv2%2Ftags&post=77737"}],"curies":[{"name":"wp","href":"https:\/\/api.w.org\/{rel}","templated":true}]}}