{"id":77704,"date":"2025-12-31T10:14:51","date_gmt":"2025-12-31T07:14:51","guid":{"rendered":"https:\/\/www.egemtv.com\/?p=77704"},"modified":"2025-12-31T10:14:52","modified_gmt":"2025-12-31T07:14:52","slug":"tavsanlida-ogrencilere-trafik-egitimi","status":"publish","type":"post","link":"https:\/\/www.egemtv.com\/?p=77704","title":{"rendered":"Tav\u015fanl\u0131\u2019da \u00f6\u011frencilere trafik e\u011fitimi"},"content":{"rendered":"<p>K\u00fctahya\u2019n\u0131n Tav\u015fanl\u0131 il\u00e7esinde \u00f6\u011frencilere y\u00f6nelik trafik e\u011fitimi ger\u00e7ekle\u015ftirildi.<br \/>\n<br \/>Tav\u015fanl\u0131 \u0130l\u00e7e Jandarma Komutanl\u0131\u011f\u0131 Trafik Timi taraf\u0131ndan \u00c7obank\u00f6y \u0130lkokulu\u2019nda e\u011fitim g\u00f6ren \u00f6\u011frencilere trafik bilincinin art\u0131r\u0131lmas\u0131 amac\u0131yla e\u011fitim verildi. E\u011fitim kapsam\u0131nda \u00f6\u011frencilere, genel trafik kurallar\u0131, trafik i\u015faret ve levhalar\u0131, yaya ve okul ge\u00e7itlerinin kullan\u0131m\u0131, yaya kurallar\u0131, kar\u015f\u0131dan kar\u015f\u0131ya g\u00fcvenli ge\u00e7i\u015f, emniyet kemeri kullan\u0131m\u0131n\u0131n \u00f6nemi, bisiklet ve kask kullan\u0131m\u0131 ile okul servislerinde uyulmas\u0131 gereken kurallar hakk\u0131nda bilgilendirme yap\u0131ld\u0131.<br \/>\n<br \/>E\u011fitim faaliyeti sonunda \u00f6\u011frencilere trafik konulu boyama kitaplar\u0131 da\u011f\u0131t\u0131larak, \u00f6\u011frenilen bilgilerin peki\u015ftirilmesi sa\u011fland\u0131.<br \/><\/p>\n","protected":false},"excerpt":{"rendered":"<p>K\u00fctahya\u2019n\u0131n Tav\u015fanl\u0131 il\u00e7esinde \u00f6\u011frencilere y\u00f6nelik trafik e\u011fitimi ger\u00e7ekle\u015ftirildi. Tav\u015fanl\u0131 \u0130l\u00e7e Jandarma Komutanl\u0131\u011f\u0131 Trafik Timi taraf\u0131ndan \u00c7obank\u00f6y \u0130lkokulu\u2019nda e\u011fitim g\u00f6ren \u00f6\u011frencilere trafik bilincinin art\u0131r\u0131lmas\u0131 amac\u0131yla e\u011fitim verildi. E\u011fitim kapsam\u0131nda \u00f6\u011frencilere, genel trafik kurallar\u0131, trafik i\u015faret ve levhalar\u0131, yaya ve okul ge\u00e7itlerinin kullan\u0131m\u0131, yaya kurallar\u0131, kar\u015f\u0131dan kar\u015f\u0131ya g\u00fcvenli ge\u00e7i\u015f, emniyet kemeri kullan\u0131m\u0131n\u0131n \u00f6nemi, bisiklet ve kask kullan\u0131m\u0131&#8230;<\/p>\n","protected":false},"author":1,"featured_media":77705,"comment_status":"open","ping_status":"open","sticky":false,"template":"","format":"standard","meta":{"_crdt_document":"","footnotes":""},"categories":[1],"tags":[],"class_list":["post-77704","post","type-post","status-publish","format-standard","has-post-thumbnail","hentry","category-guncel"],"_links":{"self":[{"href":"https:\/\/www.egemtv.com\/index.php?rest_route=\/wp\/v2\/posts\/77704","targetHints":{"allow":["GET"]}}],"collection":[{"href":"https:\/\/www.egemtv.com\/index.php?rest_route=\/wp\/v2\/posts"}],"about":[{"href":"https:\/\/www.egemtv.com\/index.php?rest_route=\/wp\/v2\/types\/post"}],"author":[{"embeddable":true,"href":"https:\/\/www.egemtv.com\/index.php?rest_route=\/wp\/v2\/users\/1"}],"replies":[{"embeddable":true,"href":"https:\/\/www.egemtv.com\/index.php?rest_route=%2Fwp%2Fv2%2Fcomments&post=77704"}],"version-history":[{"count":1,"href":"https:\/\/www.egemtv.com\/index.php?rest_route=\/wp\/v2\/posts\/77704\/revisions"}],"predecessor-version":[{"id":77706,"href":"https:\/\/www.egemtv.com\/index.php?rest_route=\/wp\/v2\/posts\/77704\/revisions\/77706"}],"wp:featuredmedia":[{"embeddable":true,"href":"https:\/\/www.egemtv.com\/index.php?rest_route=\/wp\/v2\/media\/77705"}],"wp:attachment":[{"href":"https:\/\/www.egemtv.com\/index.php?rest_route=%2Fwp%2Fv2%2Fmedia&parent=77704"}],"wp:term":[{"taxonomy":"category","embeddable":true,"href":"https:\/\/www.egemtv.com\/index.php?rest_route=%2Fwp%2Fv2%2Fcategories&post=77704"},{"taxonomy":"post_tag","embeddable":true,"href":"https:\/\/www.egemtv.com\/index.php?rest_route=%2Fwp%2Fv2%2Ftags&post=77704"}],"curies":[{"name":"wp","href":"https:\/\/api.w.org\/{rel}","templated":true}]}}