{"id":77701,"date":"2025-12-31T09:55:11","date_gmt":"2025-12-31T06:55:11","guid":{"rendered":"https:\/\/www.egemtv.com\/?p=77701"},"modified":"2025-12-31T09:55:12","modified_gmt":"2025-12-31T06:55:12","slug":"kutahya-il-emniyet-mudurlugu-personeline-isaret-dili-bilgilendirmesi","status":"publish","type":"post","link":"https:\/\/www.egemtv.com\/?p=77701","title":{"rendered":"K\u00fctahya \u0130l Emniyet M\u00fcd\u00fcrl\u00fc\u011f\u00fc personeline i\u015faret dili bilgilendirmesi"},"content":{"rendered":"<p>K\u00fctahya \u0130l Emniyet M\u00fcd\u00fcrl\u00fc\u011f\u00fc personeline y\u00f6nelik &#8220;\u0130\u015faret Dili Etkinli\u011fi&#8221; konulu bilgilendirme semineri d\u00fczenlendi.<br \/>\n<br \/>\u0130l Emniyet M\u00fcd\u00fcrl\u00fc\u011f\u00fc \u00c7ok Ama\u00e7l\u0131 E\u011fitim Salonu\u2019nda ger\u00e7ekle\u015ftirilen seminere, \u0130l Emniyet M\u00fcd\u00fcr\u00fc Osman Elbir\u2019in e\u015fi ve Polis E\u015fleri Derne\u011fi K\u00fctahya \u015eube Ba\u015fkan\u0131 P\u0131nar Elbir ile emniyet personeli kat\u0131ld\u0131. Seminer kapsam\u0131nda, i\u015fitme engelli bireylerle daha sa\u011fl\u0131kl\u0131 ileti\u015fim kurulabilmesi amac\u0131yla i\u015faret dili kullan\u0131m\u0131 hakk\u0131nda kat\u0131l\u0131mc\u0131lara bilgiler verildi. Etkinlikte temel i\u015faret dili ifadeleri uygulamal\u0131 olarak g\u00f6sterilerek personelin fark\u0131ndal\u0131\u011f\u0131n\u0131n art\u0131r\u0131lmas\u0131 hedeflendi.<br \/><\/p>\n","protected":false},"excerpt":{"rendered":"<p>K\u00fctahya \u0130l Emniyet M\u00fcd\u00fcrl\u00fc\u011f\u00fc personeline y\u00f6nelik &#8220;\u0130\u015faret Dili Etkinli\u011fi&#8221; konulu bilgilendirme semineri d\u00fczenlendi. \u0130l Emniyet M\u00fcd\u00fcrl\u00fc\u011f\u00fc \u00c7ok Ama\u00e7l\u0131 E\u011fitim Salonu\u2019nda ger\u00e7ekle\u015ftirilen seminere, \u0130l Emniyet M\u00fcd\u00fcr\u00fc Osman Elbir\u2019in e\u015fi ve Polis E\u015fleri Derne\u011fi K\u00fctahya \u015eube Ba\u015fkan\u0131 P\u0131nar Elbir ile emniyet personeli kat\u0131ld\u0131. Seminer kapsam\u0131nda, i\u015fitme engelli bireylerle daha sa\u011fl\u0131kl\u0131 ileti\u015fim kurulabilmesi amac\u0131yla i\u015faret dili kullan\u0131m\u0131 hakk\u0131nda&#8230;<\/p>\n","protected":false},"author":1,"featured_media":77702,"comment_status":"open","ping_status":"open","sticky":false,"template":"","format":"standard","meta":{"_crdt_document":"","footnotes":""},"categories":[1],"tags":[],"class_list":["post-77701","post","type-post","status-publish","format-standard","has-post-thumbnail","hentry","category-guncel"],"_links":{"self":[{"href":"https:\/\/www.egemtv.com\/index.php?rest_route=\/wp\/v2\/posts\/77701","targetHints":{"allow":["GET"]}}],"collection":[{"href":"https:\/\/www.egemtv.com\/index.php?rest_route=\/wp\/v2\/posts"}],"about":[{"href":"https:\/\/www.egemtv.com\/index.php?rest_route=\/wp\/v2\/types\/post"}],"author":[{"embeddable":true,"href":"https:\/\/www.egemtv.com\/index.php?rest_route=\/wp\/v2\/users\/1"}],"replies":[{"embeddable":true,"href":"https:\/\/www.egemtv.com\/index.php?rest_route=%2Fwp%2Fv2%2Fcomments&post=77701"}],"version-history":[{"count":1,"href":"https:\/\/www.egemtv.com\/index.php?rest_route=\/wp\/v2\/posts\/77701\/revisions"}],"predecessor-version":[{"id":77703,"href":"https:\/\/www.egemtv.com\/index.php?rest_route=\/wp\/v2\/posts\/77701\/revisions\/77703"}],"wp:featuredmedia":[{"embeddable":true,"href":"https:\/\/www.egemtv.com\/index.php?rest_route=\/wp\/v2\/media\/77702"}],"wp:attachment":[{"href":"https:\/\/www.egemtv.com\/index.php?rest_route=%2Fwp%2Fv2%2Fmedia&parent=77701"}],"wp:term":[{"taxonomy":"category","embeddable":true,"href":"https:\/\/www.egemtv.com\/index.php?rest_route=%2Fwp%2Fv2%2Fcategories&post=77701"},{"taxonomy":"post_tag","embeddable":true,"href":"https:\/\/www.egemtv.com\/index.php?rest_route=%2Fwp%2Fv2%2Ftags&post=77701"}],"curies":[{"name":"wp","href":"https:\/\/api.w.org\/{rel}","templated":true}]}}