{"id":77698,"date":"2025-12-31T09:55:10","date_gmt":"2025-12-31T06:55:10","guid":{"rendered":"https:\/\/www.egemtv.com\/?p=77698"},"modified":"2025-12-31T09:55:11","modified_gmt":"2025-12-31T06:55:11","slug":"aydinda-ates-savascilarinin-2025-yili-boyle-gecti","status":"publish","type":"post","link":"https:\/\/www.egemtv.com\/?p=77698","title":{"rendered":"Ayd\u0131n\u2019da ate\u015f sava\u015f\u00e7\u0131lar\u0131n\u0131n 2025 y\u0131l\u0131 b\u00f6yle ge\u00e7ti"},"content":{"rendered":"<p>Son y\u0131llar\u0131n en hareketli d\u00f6nemini ya\u015fayan Ayd\u0131n itfaiyesinde 2025 y\u0131l\u0131nda 29 bin 200 defa kampana \u00e7ald\u0131. Yang\u0131ndan yang\u0131na olaydan olaya ko\u015fan Ayd\u0131n B\u00fcy\u00fck\u015fehir Belediyesi \u0130tfaiyesi, \u00e7al\u0131\u015fmalar\u0131 ve olaylara an\u0131nda m\u00fcdahalesi ile hem yard\u0131m zor duruma d\u00fc\u015fen ki\u015filerin hem de Ayd\u0131n halk\u0131n\u0131n takdirini toplad\u0131.<\/p>\n<p>Ayd\u0131n B\u00fcy\u00fck\u015fehir Belediyesi \u0130tfaiyesi\u2019nde g\u00f6rev yapan 5\u2019i kad\u0131n 400\u2019\u00fc erkek 405 g\u00f6revli 2025 y\u0131l\u0131nda 29 bin 200 olaya m\u00fcdahale etti. Ev ve arazi yang\u0131n\u0131ndan otomobil yang\u0131n\u0131na, trafik kazas\u0131ndan y\u00fcksekte veya \u00e7ukurda mahsur kalmaya kadar olaydan olaya ko\u015fan itfaiye ekiplerinin zamanla yar\u0131\u015ft\u0131\u011f\u0131 anlar objektiflere b\u00f6yle yans\u0131d\u0131.<\/p>\n<p>&#8220;2025 yang\u0131n d\u00f6neminin en uzun ya\u015fand\u0131\u011f\u0131 y\u0131llardan biri oldu&#8221;<br \/>\n<br \/>2025 y\u0131l\u0131nda haziran ay\u0131nda ba\u015flayan orman ve arazi yang\u0131nlar\u0131 normal \u015fartlarda eyl\u00fcl ay\u0131nda biterken bu y\u0131l Ekim ay\u0131n\u0131n son haftalar\u0131nda bile Ayd\u0131n\u2019da orman ve arazi yang\u0131nlar\u0131 ya\u015fand\u0131. Adeta yang\u0131ndan yang\u0131na ko\u015fan Ayd\u0131n B\u00fcy\u00fck\u015fehir Belediyesi \u0130tfaiyesi\u2019nin 2025 y\u0131l\u0131nda icra etti\u011fi yang\u0131n s\u00f6nd\u00fcrme, arama ve kurtarma faaliyetleri objektiflere bu \u015fekilde yans\u0131d\u0131.<br \/><\/p>\n","protected":false},"excerpt":{"rendered":"<p>Son y\u0131llar\u0131n en hareketli d\u00f6nemini ya\u015fayan Ayd\u0131n itfaiyesinde 2025 y\u0131l\u0131nda 29 bin 200 defa kampana \u00e7ald\u0131. Yang\u0131ndan yang\u0131na olaydan olaya ko\u015fan Ayd\u0131n B\u00fcy\u00fck\u015fehir Belediyesi \u0130tfaiyesi, \u00e7al\u0131\u015fmalar\u0131 ve olaylara an\u0131nda m\u00fcdahalesi ile hem yard\u0131m zor duruma d\u00fc\u015fen ki\u015filerin hem de Ayd\u0131n halk\u0131n\u0131n takdirini toplad\u0131. Ayd\u0131n B\u00fcy\u00fck\u015fehir Belediyesi \u0130tfaiyesi\u2019nde g\u00f6rev yapan 5\u2019i kad\u0131n 400\u2019\u00fc erkek 405 g\u00f6revli&#8230;<\/p>\n","protected":false},"author":1,"featured_media":77699,"comment_status":"open","ping_status":"open","sticky":false,"template":"","format":"standard","meta":{"_crdt_document":"","footnotes":""},"categories":[5],"tags":[],"class_list":["post-77698","post","type-post","status-publish","format-standard","has-post-thumbnail","hentry","category-asayis"],"_links":{"self":[{"href":"https:\/\/www.egemtv.com\/index.php?rest_route=\/wp\/v2\/posts\/77698","targetHints":{"allow":["GET"]}}],"collection":[{"href":"https:\/\/www.egemtv.com\/index.php?rest_route=\/wp\/v2\/posts"}],"about":[{"href":"https:\/\/www.egemtv.com\/index.php?rest_route=\/wp\/v2\/types\/post"}],"author":[{"embeddable":true,"href":"https:\/\/www.egemtv.com\/index.php?rest_route=\/wp\/v2\/users\/1"}],"replies":[{"embeddable":true,"href":"https:\/\/www.egemtv.com\/index.php?rest_route=%2Fwp%2Fv2%2Fcomments&post=77698"}],"version-history":[{"count":1,"href":"https:\/\/www.egemtv.com\/index.php?rest_route=\/wp\/v2\/posts\/77698\/revisions"}],"predecessor-version":[{"id":77700,"href":"https:\/\/www.egemtv.com\/index.php?rest_route=\/wp\/v2\/posts\/77698\/revisions\/77700"}],"wp:featuredmedia":[{"embeddable":true,"href":"https:\/\/www.egemtv.com\/index.php?rest_route=\/wp\/v2\/media\/77699"}],"wp:attachment":[{"href":"https:\/\/www.egemtv.com\/index.php?rest_route=%2Fwp%2Fv2%2Fmedia&parent=77698"}],"wp:term":[{"taxonomy":"category","embeddable":true,"href":"https:\/\/www.egemtv.com\/index.php?rest_route=%2Fwp%2Fv2%2Fcategories&post=77698"},{"taxonomy":"post_tag","embeddable":true,"href":"https:\/\/www.egemtv.com\/index.php?rest_route=%2Fwp%2Fv2%2Ftags&post=77698"}],"curies":[{"name":"wp","href":"https:\/\/api.w.org\/{rel}","templated":true}]}}