{"id":77695,"date":"2025-12-31T09:55:09","date_gmt":"2025-12-31T06:55:09","guid":{"rendered":"https:\/\/www.egemtv.com\/?p=77695"},"modified":"2025-12-31T09:55:10","modified_gmt":"2025-12-31T06:55:10","slug":"germencikte-veterinerlik-hizmetleri-ihbar-hatti-hizmete-acildi","status":"publish","type":"post","link":"https:\/\/www.egemtv.com\/?p=77695","title":{"rendered":"Germencik\u2019te Veterinerlik Hizmetleri \u0130hbar Hatt\u0131 hizmete a\u00e7\u0131ld\u0131"},"content":{"rendered":"<p>Germencik Belediyesi, \u00e7evre ve toplum sa\u011fl\u0131\u011f\u0131n\u0131 korumak ve sahipsiz hayvanlar\u0131n g\u00fcvenle bak\u0131m evine ula\u015ft\u0131r\u0131lmas\u0131n\u0131 sa\u011flamak amac\u0131yla 7\/24 hizmet verecek Veterinerlik Hizmetleri \u0130hbar Hatt\u0131\u2019n\u0131 devreye ald\u0131.<\/p>\n<p>Germencik Belediyesi, sahipsiz hayvanlara y\u00f6nelik \u00e7al\u0131\u015fmalar\u0131n\u0131 g\u00fc\u00e7lendirecek bir ad\u0131m att\u0131. Germencik Belediye Ba\u015fkan\u0131 Burak Zencirci taraf\u0131ndan duyurulan Veterinerlik Hizmetleri \u0130hbar Hatt\u0131, il\u00e7e genelinde 7 g\u00fcn 24 saat kesintisiz hizmet verecek \u015fekilde faaliyete ge\u00e7irildi. Yeni uygulama kapsam\u0131nda \u00e7evre ve toplum sa\u011fl\u0131\u011f\u0131n\u0131 tehdit eden durumlar ile sahipsiz hayvanlara y\u00f6nelik tespit ve talepler, vatanda\u015flar taraf\u0131ndan do\u011frudan ihbar hatt\u0131na iletilebilecek. Yap\u0131lan bildirimler do\u011frultusunda ekipler, sahipsiz canlar\u0131n g\u00fcvenli bir \u015fekilde belediyeye ait bak\u0131m evine sevkini sa\u011flayacak. Ba\u015fkan Burak Zencirci, vatanda\u015flar\u0131n ihbar ve taleplerini telefonla iletebilece\u011fini belirterek, bu hatt\u0131n hem hayvan refah\u0131n\u0131n korunmas\u0131na hem de il\u00e7ede daha sa\u011fl\u0131kl\u0131 bir ya\u015fam ortam\u0131 olu\u015fturulmas\u0131na katk\u0131 sa\u011flayaca\u011f\u0131n\u0131 ifade etti. Ayr\u0131ca Germencik Belediyesi\u2019nden yap\u0131lan a\u00e7\u0131klamada Veterinerlik Hizmetleri \u0130hbar Hatt\u0131 sayesinde h\u0131zl\u0131 m\u00fcdahale ve etkin koordinasyonun sa\u011flanaca\u011f\u0131 ve uygulaman\u0131n vatanda\u015flar\u0131n duyarl\u0131l\u0131\u011f\u0131yla birlikte daha g\u00fc\u00e7l\u00fc sonu\u00e7lar verece\u011fi vurgulad\u0131.<br \/><\/p>\n","protected":false},"excerpt":{"rendered":"<p>Germencik Belediyesi, \u00e7evre ve toplum sa\u011fl\u0131\u011f\u0131n\u0131 korumak ve sahipsiz hayvanlar\u0131n g\u00fcvenle bak\u0131m evine ula\u015ft\u0131r\u0131lmas\u0131n\u0131 sa\u011flamak amac\u0131yla 7\/24 hizmet verecek Veterinerlik Hizmetleri \u0130hbar Hatt\u0131\u2019n\u0131 devreye ald\u0131. Germencik Belediyesi, sahipsiz hayvanlara y\u00f6nelik \u00e7al\u0131\u015fmalar\u0131n\u0131 g\u00fc\u00e7lendirecek bir ad\u0131m att\u0131. Germencik Belediye Ba\u015fkan\u0131 Burak Zencirci taraf\u0131ndan duyurulan Veterinerlik Hizmetleri \u0130hbar Hatt\u0131, il\u00e7e genelinde 7 g\u00fcn 24 saat kesintisiz hizmet verecek&#8230;<\/p>\n","protected":false},"author":1,"featured_media":77696,"comment_status":"open","ping_status":"open","sticky":false,"template":"","format":"standard","meta":{"_crdt_document":"","footnotes":""},"categories":[1],"tags":[],"class_list":["post-77695","post","type-post","status-publish","format-standard","has-post-thumbnail","hentry","category-guncel"],"_links":{"self":[{"href":"https:\/\/www.egemtv.com\/index.php?rest_route=\/wp\/v2\/posts\/77695","targetHints":{"allow":["GET"]}}],"collection":[{"href":"https:\/\/www.egemtv.com\/index.php?rest_route=\/wp\/v2\/posts"}],"about":[{"href":"https:\/\/www.egemtv.com\/index.php?rest_route=\/wp\/v2\/types\/post"}],"author":[{"embeddable":true,"href":"https:\/\/www.egemtv.com\/index.php?rest_route=\/wp\/v2\/users\/1"}],"replies":[{"embeddable":true,"href":"https:\/\/www.egemtv.com\/index.php?rest_route=%2Fwp%2Fv2%2Fcomments&post=77695"}],"version-history":[{"count":1,"href":"https:\/\/www.egemtv.com\/index.php?rest_route=\/wp\/v2\/posts\/77695\/revisions"}],"predecessor-version":[{"id":77697,"href":"https:\/\/www.egemtv.com\/index.php?rest_route=\/wp\/v2\/posts\/77695\/revisions\/77697"}],"wp:featuredmedia":[{"embeddable":true,"href":"https:\/\/www.egemtv.com\/index.php?rest_route=\/wp\/v2\/media\/77696"}],"wp:attachment":[{"href":"https:\/\/www.egemtv.com\/index.php?rest_route=%2Fwp%2Fv2%2Fmedia&parent=77695"}],"wp:term":[{"taxonomy":"category","embeddable":true,"href":"https:\/\/www.egemtv.com\/index.php?rest_route=%2Fwp%2Fv2%2Fcategories&post=77695"},{"taxonomy":"post_tag","embeddable":true,"href":"https:\/\/www.egemtv.com\/index.php?rest_route=%2Fwp%2Fv2%2Ftags&post=77695"}],"curies":[{"name":"wp","href":"https:\/\/api.w.org\/{rel}","templated":true}]}}