{"id":77692,"date":"2025-12-31T09:55:08","date_gmt":"2025-12-31T06:55:08","guid":{"rendered":"https:\/\/www.egemtv.com\/?p=77692"},"modified":"2025-12-31T09:55:09","modified_gmt":"2025-12-31T06:55:09","slug":"yataganli-hayirseverden-filistine-bagis","status":"publish","type":"post","link":"https:\/\/www.egemtv.com\/?p=77692","title":{"rendered":"Yata\u011fanl\u0131 hay\u0131rseverden Filistin\u2019e ba\u011f\u0131\u015f"},"content":{"rendered":"<p>Mu\u011fla Yata\u011fan \u0130l\u00e7e M\u00fcft\u00fcl\u00fc\u011f\u00fcnce ba\u015flat\u0131lan Filistin-Gazze i\u00e7in yard\u0131m kampanyas\u0131na hay\u0131rsever Kaz\u0131m Topal, 100 bin TL ba\u011f\u0131\u015fta bulunarak destek verdi.<\/p>\n<p>Yata\u011fan \u0130l\u00e7e M\u00fcft\u00fcl\u00fc\u011f\u00fc koordinesinde, T\u00fcrkiye Diyanet Vakf\u0131 (TDV) Yata\u011fan \u015eubesi taraf\u0131ndan Filistin-Gazze i\u00e7in yard\u0131m kampanyas\u0131 ba\u015flat\u0131ld\u0131.<br \/>\n<br \/>Kampanya, Yata\u011fan M\u00fcft\u00fcl\u00fc\u011f\u00fc din g\u00f6revlilerinin kendi aralar\u0131nda toplad\u0131klar\u0131 yard\u0131mlarla ba\u015flad\u0131. Yard\u0131m kampanyas\u0131na Yata\u011fanl\u0131 hay\u0131rsever Kaz\u0131m Topal da 100 bin TL ba\u011f\u0131\u015fta bulunarak destek verdi. Hay\u0131rsever Topal, Merkez A\u015fa\u011f\u0131 Camii M\u00fcezzin Kayy\u0131m\u0131 S\u00fcleyman Bayram e\u015fli\u011finde \u0130l\u00e7e M\u00fcft\u00fcs\u00fc Durmu\u015f Ali \u00c7etmi\u2019yi ziyaret etti. M\u00fcft\u00fc \u00c7etmi, deste\u011finden dolay\u0131 Topal\u2019a te\u015fekk\u00fcr ederek ba\u011f\u0131\u015f makbuzunu kendisine takdim etti.<\/p>\n<p>Gazze\u2019de ya\u015fanan insani dram\u0131n herkesi derinden yaralad\u0131\u011f\u0131n\u0131 belirten \u00c7etmi, &#8220;Bug\u00fcn burada yap\u0131lan ba\u011f\u0131\u015f, sadece maddi bir destek de\u011fil; g\u00f6n\u00fcllerden y\u00fckselen bir karde\u015flik ve dayan\u0131\u015fma mesaj\u0131d\u0131r. Zulme u\u011frayan Filistin-Gazze\u2019ye yap\u0131lan her bir yard\u0131m \u00e7ok de\u011ferli ve anlaml\u0131d\u0131r. Bu hassasiyetleri dolay\u0131s\u0131yla din g\u00f6revlilerimize ve hay\u0131rseverimiz Kaz\u0131m Topal amcam\u0131za te\u015fekk\u00fcr ediyorum. Rabbim, yapm\u0131\u015f olduklar\u0131 hay\u0131rlar\u0131 kabul buyursun&#8221; ifadelerini kulland\u0131.<\/p>\n<p>Daha sonra hay\u0131rsever Topal\u2019\u0131n ba\u011f\u0131\u015f\u0131n\u0131 TDV ad\u0131na kabul eden \u0130l\u00e7e M\u00fcft\u00fcs\u00fc Durmu\u015f Ali \u00c7etmi, hay\u0131rl\u0131 davran\u0131\u015f\u0131ndan dolay\u0131 Topal\u2019a te\u015fekk\u00fcr ederek ba\u011f\u0131\u015f makbuzunu kendisine takdim etti.<br \/><\/p>\n","protected":false},"excerpt":{"rendered":"<p>Mu\u011fla Yata\u011fan \u0130l\u00e7e M\u00fcft\u00fcl\u00fc\u011f\u00fcnce ba\u015flat\u0131lan Filistin-Gazze i\u00e7in yard\u0131m kampanyas\u0131na hay\u0131rsever Kaz\u0131m Topal, 100 bin TL ba\u011f\u0131\u015fta bulunarak destek verdi. Yata\u011fan \u0130l\u00e7e M\u00fcft\u00fcl\u00fc\u011f\u00fc koordinesinde, T\u00fcrkiye Diyanet Vakf\u0131 (TDV) Yata\u011fan \u015eubesi taraf\u0131ndan Filistin-Gazze i\u00e7in yard\u0131m kampanyas\u0131 ba\u015flat\u0131ld\u0131. Kampanya, Yata\u011fan M\u00fcft\u00fcl\u00fc\u011f\u00fc din g\u00f6revlilerinin kendi aralar\u0131nda toplad\u0131klar\u0131 yard\u0131mlarla ba\u015flad\u0131. Yard\u0131m kampanyas\u0131na Yata\u011fanl\u0131 hay\u0131rsever Kaz\u0131m Topal da 100 bin TL&#8230;<\/p>\n","protected":false},"author":1,"featured_media":77693,"comment_status":"open","ping_status":"open","sticky":false,"template":"","format":"standard","meta":{"_crdt_document":"","footnotes":""},"categories":[1],"tags":[],"class_list":["post-77692","post","type-post","status-publish","format-standard","has-post-thumbnail","hentry","category-guncel"],"_links":{"self":[{"href":"https:\/\/www.egemtv.com\/index.php?rest_route=\/wp\/v2\/posts\/77692","targetHints":{"allow":["GET"]}}],"collection":[{"href":"https:\/\/www.egemtv.com\/index.php?rest_route=\/wp\/v2\/posts"}],"about":[{"href":"https:\/\/www.egemtv.com\/index.php?rest_route=\/wp\/v2\/types\/post"}],"author":[{"embeddable":true,"href":"https:\/\/www.egemtv.com\/index.php?rest_route=\/wp\/v2\/users\/1"}],"replies":[{"embeddable":true,"href":"https:\/\/www.egemtv.com\/index.php?rest_route=%2Fwp%2Fv2%2Fcomments&post=77692"}],"version-history":[{"count":1,"href":"https:\/\/www.egemtv.com\/index.php?rest_route=\/wp\/v2\/posts\/77692\/revisions"}],"predecessor-version":[{"id":77694,"href":"https:\/\/www.egemtv.com\/index.php?rest_route=\/wp\/v2\/posts\/77692\/revisions\/77694"}],"wp:featuredmedia":[{"embeddable":true,"href":"https:\/\/www.egemtv.com\/index.php?rest_route=\/wp\/v2\/media\/77693"}],"wp:attachment":[{"href":"https:\/\/www.egemtv.com\/index.php?rest_route=%2Fwp%2Fv2%2Fmedia&parent=77692"}],"wp:term":[{"taxonomy":"category","embeddable":true,"href":"https:\/\/www.egemtv.com\/index.php?rest_route=%2Fwp%2Fv2%2Fcategories&post=77692"},{"taxonomy":"post_tag","embeddable":true,"href":"https:\/\/www.egemtv.com\/index.php?rest_route=%2Fwp%2Fv2%2Ftags&post=77692"}],"curies":[{"name":"wp","href":"https:\/\/api.w.org\/{rel}","templated":true}]}}