{"id":77689,"date":"2025-12-31T09:34:55","date_gmt":"2025-12-31T06:34:55","guid":{"rendered":"https:\/\/www.egemtv.com\/?p=77689"},"modified":"2025-12-31T09:34:56","modified_gmt":"2025-12-31T06:34:56","slug":"didim-belediyesi-parke-taslarini-kendisi-uretiyor","status":"publish","type":"post","link":"https:\/\/www.egemtv.com\/?p=77689","title":{"rendered":"Didim Belediyesi, parke ta\u015flar\u0131n\u0131 kendisi \u00fcretiyor"},"content":{"rendered":"<p>Didim Belediyesi, yol ve kald\u0131r\u0131mlarda kullan\u0131lan parke ta\u015flar\u0131n\u0131 kendi tesislerinde \u00fcreterek hem tasarruf sa\u011fl\u0131yor hem de hizmet s\u00fcre\u00e7lerini h\u0131zland\u0131r\u0131yor.<br \/>\n<br \/>Fen \u0130\u015fleri M\u00fcd\u00fcrl\u00fc\u011f\u00fc b\u00fcnyesinde y\u00fcr\u00fct\u00fclen \u00e7al\u0131\u015fmalar kapsam\u0131nda, yol ve kald\u0131r\u0131mlarda kullan\u0131lan parke ta\u015flar\u0131 belediyenin kendi tesislerinde imal ediliyor. M\u0131c\u0131r ve ta\u015f tozu kar\u0131\u015f\u0131m\u0131yla dayan\u0131kl\u0131l\u0131\u011f\u0131 art\u0131r\u0131lan ta\u015flar\u0131n \u00fcst y\u00fczeyi perdahl\u0131, alt yap\u0131s\u0131 ise uzun \u00f6m\u00fcrl\u00fc olacak \u015fekilde g\u00fc\u00e7lendiriliyor. Bir kal\u0131ptan 20 adet parke ta\u015f\u0131 elde edilirken, yakla\u015f\u0131k 7 dakikada 14 kal\u0131p \u00fcretim yap\u0131labiliyor. G\u00fcnl\u00fck \u00fcretim kapasitesi 350-400 metrekareye kadar ula\u015f\u0131yor.<br \/>\n<br \/>\u00dcretilen parke ta\u015flar\u0131, yine belediyenin kendi saha ekipleri taraf\u0131ndan ihtiya\u00e7 duyulan cadde ve sokaklarda uygulanarak halk\u0131n kullan\u0131m\u0131na sunuluyor. Bu sayede hem maliyetler d\u00fc\u015f\u00fcr\u00fcl\u00fcyor hem de \u00e7al\u0131\u015fmalar daha h\u0131zl\u0131, planl\u0131 ve denetimli \u015fekilde hayata ge\u00e7iriliyor.<br \/>\n<br \/>\u00dcretim ve uygulama s\u00fcrecinin kamu yarar\u0131na \u00f6nemli katk\u0131lar sa\u011flad\u0131\u011f\u0131n\u0131 vurgulayan Didim Belediye Ba\u015fkan\u0131 Hatice Gen\u00e7ay, \u015fu de\u011ferlendirmelerde bulundu:<br \/>\n<br \/>&#8220;\u00dcretken belediyecilik anlay\u0131\u015f\u0131yla il\u00e7emizde \u00e7al\u0131\u015fmalar\u0131m\u0131za aral\u0131ks\u0131z devam ediyoruz. Kamu kaynaklar\u0131n\u0131 daha verimli kullan\u0131rken, elde edilen tasarrufu Didim\u2019e hizmet olarak geri kazand\u0131r\u0131yoruz. Kendi tesislerimizde \u00fcretti\u011fimiz parke ta\u015flar\u0131n\u0131 yine kendi ekiplerimizle sahada uygulayarak, sokaklar\u0131m\u0131z\u0131 daha g\u00fcvenli ve konforlu h\u00e2le getiriyoruz. Didim\u2019de her hizmeti, kamunun imk\u00e2nlar\u0131n\u0131 halk\u0131m\u0131z\u0131n yarar\u0131 do\u011frultusunda en do\u011fru \u015fekilde de\u011ferlendirmeye devam edece\u011fiz&#8221;<br \/><\/p>\n","protected":false},"excerpt":{"rendered":"<p>Didim Belediyesi, yol ve kald\u0131r\u0131mlarda kullan\u0131lan parke ta\u015flar\u0131n\u0131 kendi tesislerinde \u00fcreterek hem tasarruf sa\u011fl\u0131yor hem de hizmet s\u00fcre\u00e7lerini h\u0131zland\u0131r\u0131yor. Fen \u0130\u015fleri M\u00fcd\u00fcrl\u00fc\u011f\u00fc b\u00fcnyesinde y\u00fcr\u00fct\u00fclen \u00e7al\u0131\u015fmalar kapsam\u0131nda, yol ve kald\u0131r\u0131mlarda kullan\u0131lan parke ta\u015flar\u0131 belediyenin kendi tesislerinde imal ediliyor. M\u0131c\u0131r ve ta\u015f tozu kar\u0131\u015f\u0131m\u0131yla dayan\u0131kl\u0131l\u0131\u011f\u0131 art\u0131r\u0131lan ta\u015flar\u0131n \u00fcst y\u00fczeyi perdahl\u0131, alt yap\u0131s\u0131 ise uzun \u00f6m\u00fcrl\u00fc olacak \u015fekilde&#8230;<\/p>\n","protected":false},"author":1,"featured_media":77690,"comment_status":"open","ping_status":"open","sticky":false,"template":"","format":"standard","meta":{"_crdt_document":"","footnotes":""},"categories":[5],"tags":[],"class_list":["post-77689","post","type-post","status-publish","format-standard","has-post-thumbnail","hentry","category-asayis"],"_links":{"self":[{"href":"https:\/\/www.egemtv.com\/index.php?rest_route=\/wp\/v2\/posts\/77689","targetHints":{"allow":["GET"]}}],"collection":[{"href":"https:\/\/www.egemtv.com\/index.php?rest_route=\/wp\/v2\/posts"}],"about":[{"href":"https:\/\/www.egemtv.com\/index.php?rest_route=\/wp\/v2\/types\/post"}],"author":[{"embeddable":true,"href":"https:\/\/www.egemtv.com\/index.php?rest_route=\/wp\/v2\/users\/1"}],"replies":[{"embeddable":true,"href":"https:\/\/www.egemtv.com\/index.php?rest_route=%2Fwp%2Fv2%2Fcomments&post=77689"}],"version-history":[{"count":1,"href":"https:\/\/www.egemtv.com\/index.php?rest_route=\/wp\/v2\/posts\/77689\/revisions"}],"predecessor-version":[{"id":77691,"href":"https:\/\/www.egemtv.com\/index.php?rest_route=\/wp\/v2\/posts\/77689\/revisions\/77691"}],"wp:featuredmedia":[{"embeddable":true,"href":"https:\/\/www.egemtv.com\/index.php?rest_route=\/wp\/v2\/media\/77690"}],"wp:attachment":[{"href":"https:\/\/www.egemtv.com\/index.php?rest_route=%2Fwp%2Fv2%2Fmedia&parent=77689"}],"wp:term":[{"taxonomy":"category","embeddable":true,"href":"https:\/\/www.egemtv.com\/index.php?rest_route=%2Fwp%2Fv2%2Fcategories&post=77689"},{"taxonomy":"post_tag","embeddable":true,"href":"https:\/\/www.egemtv.com\/index.php?rest_route=%2Fwp%2Fv2%2Ftags&post=77689"}],"curies":[{"name":"wp","href":"https:\/\/api.w.org\/{rel}","templated":true}]}}