{"id":77686,"date":"2025-12-31T09:34:55","date_gmt":"2025-12-31T06:34:55","guid":{"rendered":"https:\/\/www.egemtv.com\/?p=77686"},"modified":"2025-12-31T09:34:55","modified_gmt":"2025-12-31T06:34:55","slug":"soforler-ve-otomobilciler-esnaf-odasinda-semerci-istikrari","status":"publish","type":"post","link":"https:\/\/www.egemtv.com\/?p=77686","title":{"rendered":"\u015eof\u00f6rler ve Otomobilciler Esnaf Odas\u0131nda Semerci istikrar\u0131"},"content":{"rendered":"<p>Denizli \u015eof\u00f6rler ve Otomobilciler Esnaf Odas\u0131 Ba\u015fkan\u0131 K\u00f6ksal Semerci, \u00fcyelere sa\u011flanan imkanlar\u0131n\u0131n devaml\u0131l\u0131\u011f\u0131 ve Denizli \u015eof\u00f6rler ve Otomobilciler Odas\u0131ndaki 3 d\u00f6nemlik istikrar\u0131 s\u00fcrd\u00fcrmek i\u00e7in y\u00f6netimiyle birlikte yeniden g\u00f6reve talip olduklar\u0131n\u0131 belirtti.<\/p>\n<p>Denizli \u015eof\u00f6rler ve Otomobilciler Esnaf Odas\u0131nda 3 d\u00f6nemi geride b\u0131rakan Ba\u015fkan K\u00f6ksal Semerci ve y\u00f6netimi, 11 Ocak 2026 tarihinde m\u00fclkiyeti Denizli \u015eof\u00f6rler ve Otomobilciler Esnaf Odas\u0131na ait olan eski ad\u0131yla Vera D\u00fc\u011f\u00fcn Salonunda yap\u0131lacak olan se\u00e7im de 4. d\u00f6nem i\u00e7in 3 bin 86 \u00fcyesi ile se\u00e7ime haz\u0131r olduklar\u0131n\u0131 belirtti.<\/p>\n<p>1984-2003 y\u0131llar\u0131 aras\u0131nda Denizli \u015eof\u00f6rler ve Otomobilciler Odas\u0131nda Muhasebe M\u00fcd\u00fcr\u00fc ve Genel Sekreter, 2014 y\u0131l\u0131ndan bu yana ise ba\u015fkanl\u0131k g\u00f6revine devam eden Ba\u015fkan K\u00f6ksal Semerci, ayn\u0131 zamanda T\u00fcrkiye \u015eof\u00f6rler ve Otomobilciler Federasyonu Y\u00f6netim Kurulu \u00dcyesi ile Denizli Esnaf Kefalet Kredi Kooperatifi Ba\u015fkan Yard\u0131mc\u0131l\u0131\u011f\u0131 g\u00f6revlerini de g\u00f6revlerini ba\u015far\u0131ya s\u00fcrd\u00fcr\u00fcyor.<\/p>\n<p>Denizli \u015eof\u00f6rler ve Otomobilciler Esnaf Odas\u0131 Ba\u015fkan\u0131 K\u00f6ksal Semerci, taksici, minib\u00fcs\u00e7\u00fc, nakliyeci, kamyoncu, kurye, ara\u00e7 kiralama ve galericilik yapan 3 bin 86 oda \u00fcyesinden 4 d\u00f6nem i\u00e7in tam destek ald\u0131klar\u0131n\u0131 belirtti. \u00dcyeleri taraf\u0131ndan sevilen, oda y\u00f6neticili\u011fin her biriminde g\u00f6rev yapm\u0131\u015f olan Ba\u015fkan K\u00f6ksal Semerci, ayn\u0131 zamanda y\u00fcr\u00fctt\u00fc\u011f\u00fc Esnaf Kefalet Kredi Kooperatifi Ba\u015fkan Yard\u0131mc\u0131l\u0131\u011f\u0131 ile T\u00fcrkiye \u015eof\u00f6rler ve Otomobilciler Federasyonu Y\u00f6netim Kurulu \u00dcyeli\u011fi g\u00f6revleri ile oda \u00fcyelerinin temsil yetkisi haklar\u0131n\u0131 elinde bulundurduklar\u0131n\u0131, bundan \u00f6nce oldu\u011fu gibi bundan sonra ki d\u00f6nemde de t\u00fcm \u00fcyelerinin haklar\u0131n\u0131 korumak ve en iyi \u015fekilde temsil etmek i\u00e7in gayret edeceklerini kaydetti. \u00dcyelere sa\u011flanan imkanlar\u0131n\u0131n devaml\u0131l\u0131\u011f\u0131, Denizli \u015eof\u00f6rler ve Otomobilciler Odas\u0131n\u0131n g\u00fcc\u00fcn\u00fc kaybetmemesi i\u00e7in yeni d\u00f6neme aday olduklar\u0131 ifade eden Ba\u015fkan Semerci, 11 Ocak 2026 tarihinde Vera D\u00fc\u011f\u00fcn Salonunda yap\u0131lacak olan genel kurula t\u00fcm \u00fcyelerini beklediklerini ifade etti.<br \/><\/p>\n","protected":false},"excerpt":{"rendered":"<p>Denizli \u015eof\u00f6rler ve Otomobilciler Esnaf Odas\u0131 Ba\u015fkan\u0131 K\u00f6ksal Semerci, \u00fcyelere sa\u011flanan imkanlar\u0131n\u0131n devaml\u0131l\u0131\u011f\u0131 ve Denizli \u015eof\u00f6rler ve Otomobilciler Odas\u0131ndaki 3 d\u00f6nemlik istikrar\u0131 s\u00fcrd\u00fcrmek i\u00e7in y\u00f6netimiyle birlikte yeniden g\u00f6reve talip olduklar\u0131n\u0131 belirtti. Denizli \u015eof\u00f6rler ve Otomobilciler Esnaf Odas\u0131nda 3 d\u00f6nemi geride b\u0131rakan Ba\u015fkan K\u00f6ksal Semerci ve y\u00f6netimi, 11 Ocak 2026 tarihinde m\u00fclkiyeti Denizli \u015eof\u00f6rler ve Otomobilciler&#8230;<\/p>\n","protected":false},"author":1,"featured_media":77687,"comment_status":"open","ping_status":"open","sticky":false,"template":"","format":"standard","meta":{"_crdt_document":"","footnotes":""},"categories":[125],"tags":[],"class_list":["post-77686","post","type-post","status-publish","format-standard","has-post-thumbnail","hentry","category-ekonomi"],"_links":{"self":[{"href":"https:\/\/www.egemtv.com\/index.php?rest_route=\/wp\/v2\/posts\/77686","targetHints":{"allow":["GET"]}}],"collection":[{"href":"https:\/\/www.egemtv.com\/index.php?rest_route=\/wp\/v2\/posts"}],"about":[{"href":"https:\/\/www.egemtv.com\/index.php?rest_route=\/wp\/v2\/types\/post"}],"author":[{"embeddable":true,"href":"https:\/\/www.egemtv.com\/index.php?rest_route=\/wp\/v2\/users\/1"}],"replies":[{"embeddable":true,"href":"https:\/\/www.egemtv.com\/index.php?rest_route=%2Fwp%2Fv2%2Fcomments&post=77686"}],"version-history":[{"count":1,"href":"https:\/\/www.egemtv.com\/index.php?rest_route=\/wp\/v2\/posts\/77686\/revisions"}],"predecessor-version":[{"id":77688,"href":"https:\/\/www.egemtv.com\/index.php?rest_route=\/wp\/v2\/posts\/77686\/revisions\/77688"}],"wp:featuredmedia":[{"embeddable":true,"href":"https:\/\/www.egemtv.com\/index.php?rest_route=\/wp\/v2\/media\/77687"}],"wp:attachment":[{"href":"https:\/\/www.egemtv.com\/index.php?rest_route=%2Fwp%2Fv2%2Fmedia&parent=77686"}],"wp:term":[{"taxonomy":"category","embeddable":true,"href":"https:\/\/www.egemtv.com\/index.php?rest_route=%2Fwp%2Fv2%2Fcategories&post=77686"},{"taxonomy":"post_tag","embeddable":true,"href":"https:\/\/www.egemtv.com\/index.php?rest_route=%2Fwp%2Fv2%2Ftags&post=77686"}],"curies":[{"name":"wp","href":"https:\/\/api.w.org\/{rel}","templated":true}]}}