{"id":77680,"date":"2025-12-31T09:15:06","date_gmt":"2025-12-31T06:15:06","guid":{"rendered":"https:\/\/www.egemtv.com\/?p=77680"},"modified":"2025-12-31T09:15:07","modified_gmt":"2025-12-31T06:15:07","slug":"hastane-duvarlari-iyilestiren-koridorlarla-hayat-buldu","status":"publish","type":"post","link":"https:\/\/www.egemtv.com\/?p=77680","title":{"rendered":"Hastane duvarlar\u0131 \u2018\u0130yile\u015ftiren Koridorlar\u2019la hayat buldu"},"content":{"rendered":"<p>\u0130zmir\u2019de Bornova Halk E\u011fitimi Merkezi ile Tepecik E\u011fitim ve Ara\u015ft\u0131rma Hastanesi Palyatif Bak\u0131m B\u00f6l\u00fcm\u00fc i\u015f birli\u011finde haz\u0131rlanan, T\u00fcrkiye\u2019de bir ilk olma \u00f6zelli\u011fi ta\u015f\u0131yan &#8220;\u0130yile\u015ftiren Koridorlar&#8221; projesi d\u00fczenlenen t\u00f6renle hayata ge\u00e7irildi.<br \/>\n<br \/>Bornova Halk E\u011fitimi Merkezi ve Sa\u011fl\u0131k Bilimleri \u00dcniversitesi Tepecik E\u011fitim ve Ara\u015ft\u0131rma Hastanesi\u2019nin ortak y\u00fcr\u00fctt\u00fc\u011f\u00fc \u00e7al\u0131\u015fma kapsam\u0131nda, palyatif bak\u0131m b\u00f6l\u00fcm\u00fc koridorlar\u0131 sadece birer ge\u00e7i\u015f alan\u0131 olmaktan \u00e7\u0131kar\u0131larak sanat eserleriyle donat\u0131ld\u0131. T\u00fcrkiye\u2019de ilk kez uygulanan bu modelle, hastane koridorlar\u0131 duygular\u0131n ve umudun ge\u00e7ti\u011fi birer yolculuk alan\u0131na d\u00f6n\u00fc\u015ft\u00fcr\u00fcld\u00fc. Proje \u00e7er\u00e7evesinde koridorlar; hastalar\u0131n, hasta yak\u0131nlar\u0131n\u0131n ve sa\u011fl\u0131k \u00e7al\u0131\u015fanlar\u0131n\u0131n ruhuna hitap edecek \u015fekilde tasarland\u0131. Renklerin sakinle\u015ftirici ve g\u00fc\u00e7 verici etkisi ile sanat\u0131n g\u00fcven veren dokusu hastane duvarlar\u0131na ta\u015f\u0131nd\u0131. A\u00e7\u0131l\u0131\u015f\u0131 yap\u0131lan &#8220;\u0130yile\u015ftiren Koridorlar&#8221;, ismini sanat\u0131n bireyler \u00fczerindeki g\u00f6r\u00fcnmez ama hissedilen iyile\u015ftirici g\u00fcc\u00fcnden ald\u0131. Sanat\u0131n iyile\u015ftirici enerjisinin sa\u011fl\u0131k \u00e7al\u0131\u015fanlar\u0131 ve hastalar \u00fczerindeki olumlu etkisine vurgu yap\u0131lan a\u00e7\u0131l\u0131\u015f\u0131n ard\u0131ndan, koridorlar yeni \u00e7ehresiyle g\u00fcn y\u00fcz\u00fcne \u00e7\u0131kt\u0131. Projenin temel amac\u0131 olan &#8220;bir resme bakarken ba\u015flayan k\u00fc\u00e7\u00fck bir huzurla iyile\u015fme&#8221; vizyonu do\u011frultusunda haz\u0131rlanan alanlar, kat\u0131l\u0131mc\u0131lar\u0131n b\u00fcy\u00fck be\u011fenisini toplad\u0131.<\/p>\n<p>&#8220;B\u00fct\u00fcnc\u00fcl yakla\u015f\u0131mla ya\u015fam kalitesi art\u0131yor&#8221;<br \/>\n<br \/>Sa\u011fl\u0131k Bilimleri \u00dcniversitesi \u0130zmir T\u0131p Fak\u00fcltesi Aile Hekimli\u011fi Anabilim Dal\u0131 \u00d6\u011fretim \u00dcyesi ve Tepecik E\u011fitim Ara\u015ft\u0131rma Hastanesi 1. Palyatif Bak\u0131m Merkezi Sorumlu Hekimi Prof. Dr. Yasemin K\u0131l\u0131\u00e7 \u00d6zt\u00fcrk, palyatif bak\u0131m\u0131n \u00f6zellikle kanser ve demans gibi ya\u015fam\u0131 tehdit eden hastal\u0131klarda hasta ve yak\u0131nlar\u0131n\u0131n ya\u015fam kalitesini art\u0131rmay\u0131 hedefleyen b\u00fct\u00fcnc\u00fcl bir yakla\u015f\u0131m oldu\u011funu belirtti. Bu s\u00fcre\u00e7te hastalar\u0131n fiziksel, psikolojik, sosyal ve manevi boyutlar\u0131n\u0131 bir arada de\u011ferlendirdiklerini ifade eden \u00d6zt\u00fcrk, &#8220;Bu hastalar genellikle evde yata\u011fa ba\u011f\u0131ml\u0131 olan ya da zor d\u00f6nemler ge\u00e7irmi\u015f gruplar. Bu y\u00fczden onlar\u0131n psikolojik olarak desteklenmesi ve hasta yak\u0131nlar\u0131n\u0131n ya\u015fad\u0131klar\u0131 g\u00fc\u00e7l\u00fcklerle ba\u015f edebilmesi ad\u0131na hayatlar\u0131na dokunan \u00e7al\u0131\u015fmalar yapmam\u0131z \u00e7ok de\u011ferli oluyor.&#8221; dedi.<\/p>\n<p>K\u00fclt\u00fcrel motiflerle gelen moral<br \/>\n<br \/>Hastane b\u00fcnyesinde hastalara ve yak\u0131nlar\u0131na y\u00f6nelik farkl\u0131 sosyal destekleyiciler sunmay\u0131 her zaman ama\u00e7lad\u0131klar\u0131n\u0131 dile getiren Prof. Dr. \u00d6zt\u00fcrk, bu do\u011frultuda Bornova Halk E\u011fitim Merkezi M\u00fcd\u00fcrl\u00fc\u011f\u00fc ile anlaml\u0131 bir i\u015f birli\u011fine imza att\u0131klar\u0131n\u0131 kaydetti. Tepecik E\u011fitim Ara\u015ft\u0131rma Hastanesi Bornova Ek Hizmet binas\u0131nda &#8220;\u0130yile\u015ftiren Koridorlar&#8221; projesini ba\u015flatt\u0131klar\u0131n\u0131 duyuran \u00d6zt\u00fcrk, &#8220;Bu proje kapsam\u0131nda duvarlar\u0131m\u0131zda \u00f6zellikle k\u00fclt\u00fcrel motifleri de i\u015fleyen; hastalar\u0131m\u0131z\u0131n y\u00fcre\u011fine ferahl\u0131k katan, hasta yak\u0131nlar\u0131m\u0131za moral ve motivasyon veren enerjik \u00e7al\u0131\u015fmalarla sanat\u00e7\u0131lar\u0131m\u0131z\u0131n deste\u011fini hastalar\u0131m\u0131z\u0131n y\u00fcreklerine eklemeye \u00e7al\u0131\u015ft\u0131k.&#8221; ifadelerini kulland\u0131.<\/p>\n<p>Hasta ve yak\u0131nlar\u0131ndan projeye destek<br \/>\n<br \/>Sa\u011fl\u0131k Bilimleri \u00dcniversitesi Tepecik E\u011fitim ve Ara\u015ft\u0131rma Hastanesi\u2019nde yatmakta olan alzheimer hastas\u0131 Leyla Berbero\u011flu hastanede g\u00f6rd\u00fc\u011f\u00fc tedavi s\u00fcrecinde kendilerine g\u00f6sterilen s\u0131cak ilgiden ve hayata ge\u00e7irilen anlaml\u0131 projelerden duydu\u011fu memnuniyeti dile getirerek, bu t\u00fcr \u00e7al\u0131\u015fmalar\u0131n moralini y\u00fckseltti\u011fini vurgulad\u0131.<br \/><\/p>\n","protected":false},"excerpt":{"rendered":"<p>\u0130zmir\u2019de Bornova Halk E\u011fitimi Merkezi ile Tepecik E\u011fitim ve Ara\u015ft\u0131rma Hastanesi Palyatif Bak\u0131m B\u00f6l\u00fcm\u00fc i\u015f birli\u011finde haz\u0131rlanan, T\u00fcrkiye\u2019de bir ilk olma \u00f6zelli\u011fi ta\u015f\u0131yan &#8220;\u0130yile\u015ftiren Koridorlar&#8221; projesi d\u00fczenlenen t\u00f6renle hayata ge\u00e7irildi. Bornova Halk E\u011fitimi Merkezi ve Sa\u011fl\u0131k Bilimleri \u00dcniversitesi Tepecik E\u011fitim ve Ara\u015ft\u0131rma Hastanesi\u2019nin ortak y\u00fcr\u00fctt\u00fc\u011f\u00fc \u00e7al\u0131\u015fma kapsam\u0131nda, palyatif bak\u0131m b\u00f6l\u00fcm\u00fc koridorlar\u0131 sadece birer ge\u00e7i\u015f alan\u0131&#8230;<\/p>\n","protected":false},"author":1,"featured_media":77681,"comment_status":"open","ping_status":"open","sticky":false,"template":"","format":"standard","meta":{"_crdt_document":"","footnotes":""},"categories":[2],"tags":[],"class_list":["post-77680","post","type-post","status-publish","format-standard","has-post-thumbnail","hentry","category-saglik"],"_links":{"self":[{"href":"https:\/\/www.egemtv.com\/index.php?rest_route=\/wp\/v2\/posts\/77680","targetHints":{"allow":["GET"]}}],"collection":[{"href":"https:\/\/www.egemtv.com\/index.php?rest_route=\/wp\/v2\/posts"}],"about":[{"href":"https:\/\/www.egemtv.com\/index.php?rest_route=\/wp\/v2\/types\/post"}],"author":[{"embeddable":true,"href":"https:\/\/www.egemtv.com\/index.php?rest_route=\/wp\/v2\/users\/1"}],"replies":[{"embeddable":true,"href":"https:\/\/www.egemtv.com\/index.php?rest_route=%2Fwp%2Fv2%2Fcomments&post=77680"}],"version-history":[{"count":1,"href":"https:\/\/www.egemtv.com\/index.php?rest_route=\/wp\/v2\/posts\/77680\/revisions"}],"predecessor-version":[{"id":77682,"href":"https:\/\/www.egemtv.com\/index.php?rest_route=\/wp\/v2\/posts\/77680\/revisions\/77682"}],"wp:featuredmedia":[{"embeddable":true,"href":"https:\/\/www.egemtv.com\/index.php?rest_route=\/wp\/v2\/media\/77681"}],"wp:attachment":[{"href":"https:\/\/www.egemtv.com\/index.php?rest_route=%2Fwp%2Fv2%2Fmedia&parent=77680"}],"wp:term":[{"taxonomy":"category","embeddable":true,"href":"https:\/\/www.egemtv.com\/index.php?rest_route=%2Fwp%2Fv2%2Fcategories&post=77680"},{"taxonomy":"post_tag","embeddable":true,"href":"https:\/\/www.egemtv.com\/index.php?rest_route=%2Fwp%2Fv2%2Ftags&post=77680"}],"curies":[{"name":"wp","href":"https:\/\/api.w.org\/{rel}","templated":true}]}}