{"id":77677,"date":"2025-12-31T09:15:05","date_gmt":"2025-12-31T06:15:05","guid":{"rendered":"https:\/\/www.egemtv.com\/?p=77677"},"modified":"2025-12-31T09:15:06","modified_gmt":"2025-12-31T06:15:06","slug":"istanbullu-ogrenciler-turgutlulu-sehit-aileleri-ve-gazileri-duygulandirdi","status":"publish","type":"post","link":"https:\/\/www.egemtv.com\/?p=77677","title":{"rendered":"\u0130stanbullu \u00f6\u011frenciler Turgutlulu \u015fehit aileleri ve gazileri duyguland\u0131rd\u0131"},"content":{"rendered":"<p>\u0130stanbul\u2019da Ko\u00e7 Lisesi 9 ve 10. s\u0131n\u0131fta e\u011fitim g\u00f6ren \u00f6\u011frenciler taraf\u0131ndan \u015fehit aileleri ve gazilere g\u00f6nderilen yeni y\u0131l tebrik kartlar\u0131, Manisa\u2019n\u0131n Turgutlu il\u00e7esinde duygu dolu anlar ya\u015fatt\u0131.<br \/>\n<br \/>Yeni y\u0131l \u00f6ncesinde \u0130stanbul\u2019da Ko\u00e7 Lisesi\u2019nde \u00f6\u011frenim g\u00f6ren 9 ve 10. s\u0131n\u0131f \u00f6\u011frencileri, T\u00fcrkiye Harp Malul\u00fc Gaziler \u015eehit Dul ve Yetimleri Derne\u011fi Turgutlu Temsilcili\u011fine ula\u015ft\u0131r\u0131lmak \u00fczere \u015fehit aileleri ve gaziler i\u00e7in yeni y\u0131l tebrik kartlar\u0131 haz\u0131rlad\u0131. \u00d6\u011frencilerin duyarl\u0131l\u0131\u011f\u0131, \u015fehit aileleri ve gaziler taraf\u0131ndan b\u00fcy\u00fck bir memnuniyetle kar\u015f\u0131land\u0131.<br \/>\n<br \/>\u00d6nderli\u011fini, ayn\u0131 okulda \u00f6\u011frenim g\u00f6ren bir muvazzaf subay\u0131n evlad\u0131n\u0131n yapt\u0131\u011f\u0131 \u00f6\u011frenciler, kendi duygu ve d\u00fc\u015f\u00fcncelerini kaleme ald\u0131klar\u0131 2026 yeni y\u0131l tebrik kartlar\u0131nda, \u015fehitlerin ve gazilerin vatan ve millet u\u011fruna g\u00f6sterdikleri fedak\u00e2rl\u0131klar\u0131n asla unutulmayaca\u011f\u0131n\u0131 ifade etti. \u00d6\u011frenciler taraf\u0131ndan haz\u0131rlanan kartlar, Turgutlu\u2019daki \u015fehit ailelerine ve gazilere moral kayna\u011f\u0131 oldu.<br \/>\n<br \/>T\u00fcrkiye Harp Malul\u00fc Gaziler \u015eehit Dul ve Yetimleri Derne\u011fi Turgutlu Temsilcisi B\u00fc\u015fra \u015eent\u00fcrk, g\u00f6nderilen yeni y\u0131l kartlar\u0131 i\u00e7in te\u015fekk\u00fcr ederek, &#8220;\u015eehit ailelerimize ve gazilerimize ula\u015ft\u0131r\u0131lmak \u00fczere g\u00f6nderilen yeni y\u0131l kartlar\u0131 bizleri son derece duyguland\u0131rd\u0131. \u0130stanbul\u2019da e\u011fitim-\u00f6\u011fretim g\u00f6ren, y\u00fcrekleri vatan sevgisiyle dolu \u00f6\u011frencilerimiz Elif, Yaren, Alya, G\u00f6zde, H\u00fclya, P\u0131nar, \u0130clal, Nursel, Cumhur, Kaan, Emre, Asel, Elif Naz, G\u00f6k\u00e7e, Kuzey, Ecrin, Do\u011fa ve Merve karde\u015flerimize; anlaml\u0131 ve duygu y\u00fckl\u00fc mesajlar\u0131 i\u00e7in \u015fahs\u0131m, \u015fehit ailelerimiz, gazilerimiz ve derne\u011fimiz ad\u0131na te\u015fekk\u00fcr ediyorum&#8221; dedi.<br \/>\n<br \/>\u015eent\u00fcrk, her bir kart\u0131n sadece bir tebrik mesaj\u0131 olmad\u0131\u011f\u0131n\u0131 vurgulayarak, &#8220;Bu kartlar, \u015fehitlerimizin ve gazilerimizin aziz hat\u0131ralar\u0131na duyulan sayg\u0131 ve sevginin en g\u00fczel ifadesidir. Bu anlaml\u0131 jest, milletimizin birlik ve beraberli\u011fini bir kez daha g\u00f6stermi\u015ftir. Vatan sevgisini g\u00f6n\u00fcllerine nak\u015feden bu de\u011ferli \u00f6\u011frencilerimizin gelecekte b\u00fcy\u00fck ba\u015far\u0131lara imza ataca\u011f\u0131na inan\u0131yorum&#8221; ifadelerini kulland\u0131.<br \/><\/p>\n","protected":false},"excerpt":{"rendered":"<p>\u0130stanbul\u2019da Ko\u00e7 Lisesi 9 ve 10. s\u0131n\u0131fta e\u011fitim g\u00f6ren \u00f6\u011frenciler taraf\u0131ndan \u015fehit aileleri ve gazilere g\u00f6nderilen yeni y\u0131l tebrik kartlar\u0131, Manisa\u2019n\u0131n Turgutlu il\u00e7esinde duygu dolu anlar ya\u015fatt\u0131. Yeni y\u0131l \u00f6ncesinde \u0130stanbul\u2019da Ko\u00e7 Lisesi\u2019nde \u00f6\u011frenim g\u00f6ren 9 ve 10. s\u0131n\u0131f \u00f6\u011frencileri, T\u00fcrkiye Harp Malul\u00fc Gaziler \u015eehit Dul ve Yetimleri Derne\u011fi Turgutlu Temsilcili\u011fine ula\u015ft\u0131r\u0131lmak \u00fczere \u015fehit aileleri&#8230;<\/p>\n","protected":false},"author":1,"featured_media":77678,"comment_status":"open","ping_status":"open","sticky":false,"template":"","format":"standard","meta":{"_crdt_document":"","footnotes":""},"categories":[1],"tags":[],"class_list":["post-77677","post","type-post","status-publish","format-standard","has-post-thumbnail","hentry","category-guncel"],"_links":{"self":[{"href":"https:\/\/www.egemtv.com\/index.php?rest_route=\/wp\/v2\/posts\/77677","targetHints":{"allow":["GET"]}}],"collection":[{"href":"https:\/\/www.egemtv.com\/index.php?rest_route=\/wp\/v2\/posts"}],"about":[{"href":"https:\/\/www.egemtv.com\/index.php?rest_route=\/wp\/v2\/types\/post"}],"author":[{"embeddable":true,"href":"https:\/\/www.egemtv.com\/index.php?rest_route=\/wp\/v2\/users\/1"}],"replies":[{"embeddable":true,"href":"https:\/\/www.egemtv.com\/index.php?rest_route=%2Fwp%2Fv2%2Fcomments&post=77677"}],"version-history":[{"count":1,"href":"https:\/\/www.egemtv.com\/index.php?rest_route=\/wp\/v2\/posts\/77677\/revisions"}],"predecessor-version":[{"id":77679,"href":"https:\/\/www.egemtv.com\/index.php?rest_route=\/wp\/v2\/posts\/77677\/revisions\/77679"}],"wp:featuredmedia":[{"embeddable":true,"href":"https:\/\/www.egemtv.com\/index.php?rest_route=\/wp\/v2\/media\/77678"}],"wp:attachment":[{"href":"https:\/\/www.egemtv.com\/index.php?rest_route=%2Fwp%2Fv2%2Fmedia&parent=77677"}],"wp:term":[{"taxonomy":"category","embeddable":true,"href":"https:\/\/www.egemtv.com\/index.php?rest_route=%2Fwp%2Fv2%2Fcategories&post=77677"},{"taxonomy":"post_tag","embeddable":true,"href":"https:\/\/www.egemtv.com\/index.php?rest_route=%2Fwp%2Fv2%2Ftags&post=77677"}],"curies":[{"name":"wp","href":"https:\/\/api.w.org\/{rel}","templated":true}]}}