{"id":77674,"date":"2025-12-31T09:15:04","date_gmt":"2025-12-31T06:15:04","guid":{"rendered":"https:\/\/www.egemtv.com\/?p=77674"},"modified":"2025-12-31T09:15:05","modified_gmt":"2025-12-31T06:15:05","slug":"cesmede-yilbasi-onlemleri-ust-seviyeye-cikarildi","status":"publish","type":"post","link":"https:\/\/www.egemtv.com\/?p=77674","title":{"rendered":"\u00c7e\u015fme\u2019de y\u0131lba\u015f\u0131 \u00f6nlemleri \u00fcst seviyeye \u00e7\u0131kar\u0131ld\u0131"},"content":{"rendered":"<p>\u0130zmir\u2019in turistik il\u00e7esi \u00c7e\u015fme\u2019de, vatanda\u015flar\u0131n yeni y\u0131la huzur ve g\u00fcven i\u00e7erisinde girmesini sa\u011flamak amac\u0131yla g\u00fcvenlik tedbirleri en \u00fcst seviyeye \u00e7\u0131kar\u0131ld\u0131.<br \/>\n<br \/>\u00c7e\u015fme Kaymakaml\u0131\u011f\u0131 koordinesinde y\u00fcr\u00fct\u00fclen \u00e7al\u0131\u015fmalar kapsam\u0131nda, 2026 y\u0131l\u0131na giri\u015f \u00f6ncesinde il\u00e7e genelinde kamu d\u00fczeninin korunmas\u0131 ve sa\u011fl\u0131k hizmetlerinin aksamamas\u0131 i\u00e7in t\u00fcm birimler teyakkuza ge\u00e7ti. \u0130l\u00e7e giri\u015f ve \u00e7\u0131k\u0131\u015f noktalar\u0131 ba\u015fta olmak \u00fczere; meydanlar, e\u011flence mekanlar\u0131, sahil \u015feridi ve kritik noktalarda 24 saat esas\u0131na g\u00f6re denetimler ger\u00e7ekle\u015ftirilecek. Y\u0131lba\u015f\u0131 gecesi boyunca s\u00fcrecek olan denetimlerde sabit, yaya ve motorize ekipler kesintisiz mesai yapacak. \u00c7e\u015fme\u2019de y\u0131lba\u015f\u0131 gecesi boyunca s\u00fcrecek mesai kapsam\u0131nda emniyet sorumluluk b\u00f6lgesinde 360 polis personeli, jandarma sorumluluk b\u00f6lgesinde 108 jandarma personeli ve Sahil G\u00fcvenlik Komutanl\u0131\u011f\u0131 b\u00fcnyesinde 92 personel sahada aktif g\u00f6rev yapacak. Belediye hizmetlerinin aksamamas\u0131 i\u00e7in \u00c7e\u015fme Belediyesi\u2019nden 31 zab\u0131ta ve 73 belediye personeli teyakkuza ge\u00e7erken, sa\u011fl\u0131k ve denetim faaliyetleri i\u00e7in \u00c7e\u015fme Alper \u00c7izgekanat Devlet Hastanesi\u2019nden 32 sa\u011fl\u0131k \u00e7al\u0131\u015fan\u0131, Gediz Elektrik\u2019ten 12 ve \u0130l\u00e7e Tar\u0131m ve Orman M\u00fcd\u00fcrl\u00fc\u011f\u00fc\u2019nden 4 personel g\u00f6revlendirildi. Al\u0131nan kapsaml\u0131 tedbirlerle, il\u00e7ede kutlamalar\u0131n huzur ve sa\u011fl\u0131k i\u00e7erisinde ge\u00e7mesi hedefleniyor.<br \/><\/p>\n","protected":false},"excerpt":{"rendered":"<p>\u0130zmir\u2019in turistik il\u00e7esi \u00c7e\u015fme\u2019de, vatanda\u015flar\u0131n yeni y\u0131la huzur ve g\u00fcven i\u00e7erisinde girmesini sa\u011flamak amac\u0131yla g\u00fcvenlik tedbirleri en \u00fcst seviyeye \u00e7\u0131kar\u0131ld\u0131. \u00c7e\u015fme Kaymakaml\u0131\u011f\u0131 koordinesinde y\u00fcr\u00fct\u00fclen \u00e7al\u0131\u015fmalar kapsam\u0131nda, 2026 y\u0131l\u0131na giri\u015f \u00f6ncesinde il\u00e7e genelinde kamu d\u00fczeninin korunmas\u0131 ve sa\u011fl\u0131k hizmetlerinin aksamamas\u0131 i\u00e7in t\u00fcm birimler teyakkuza ge\u00e7ti. \u0130l\u00e7e giri\u015f ve \u00e7\u0131k\u0131\u015f noktalar\u0131 ba\u015fta olmak \u00fczere; meydanlar, e\u011flence mekanlar\u0131,&#8230;<\/p>\n","protected":false},"author":1,"featured_media":77675,"comment_status":"open","ping_status":"open","sticky":false,"template":"","format":"standard","meta":{"_crdt_document":"","footnotes":""},"categories":[5],"tags":[],"class_list":["post-77674","post","type-post","status-publish","format-standard","has-post-thumbnail","hentry","category-asayis"],"_links":{"self":[{"href":"https:\/\/www.egemtv.com\/index.php?rest_route=\/wp\/v2\/posts\/77674","targetHints":{"allow":["GET"]}}],"collection":[{"href":"https:\/\/www.egemtv.com\/index.php?rest_route=\/wp\/v2\/posts"}],"about":[{"href":"https:\/\/www.egemtv.com\/index.php?rest_route=\/wp\/v2\/types\/post"}],"author":[{"embeddable":true,"href":"https:\/\/www.egemtv.com\/index.php?rest_route=\/wp\/v2\/users\/1"}],"replies":[{"embeddable":true,"href":"https:\/\/www.egemtv.com\/index.php?rest_route=%2Fwp%2Fv2%2Fcomments&post=77674"}],"version-history":[{"count":1,"href":"https:\/\/www.egemtv.com\/index.php?rest_route=\/wp\/v2\/posts\/77674\/revisions"}],"predecessor-version":[{"id":77676,"href":"https:\/\/www.egemtv.com\/index.php?rest_route=\/wp\/v2\/posts\/77674\/revisions\/77676"}],"wp:featuredmedia":[{"embeddable":true,"href":"https:\/\/www.egemtv.com\/index.php?rest_route=\/wp\/v2\/media\/77675"}],"wp:attachment":[{"href":"https:\/\/www.egemtv.com\/index.php?rest_route=%2Fwp%2Fv2%2Fmedia&parent=77674"}],"wp:term":[{"taxonomy":"category","embeddable":true,"href":"https:\/\/www.egemtv.com\/index.php?rest_route=%2Fwp%2Fv2%2Fcategories&post=77674"},{"taxonomy":"post_tag","embeddable":true,"href":"https:\/\/www.egemtv.com\/index.php?rest_route=%2Fwp%2Fv2%2Ftags&post=77674"}],"curies":[{"name":"wp","href":"https:\/\/api.w.org\/{rel}","templated":true}]}}