{"id":77659,"date":"2025-12-31T08:54:45","date_gmt":"2025-12-31T05:54:45","guid":{"rendered":"https:\/\/www.egemtv.com\/?p=77659"},"modified":"2025-12-31T08:54:46","modified_gmt":"2025-12-31T05:54:46","slug":"cocuklar-anneleriyle-birlikte-geleneksel-kilim-dokumayi-ogrendi","status":"publish","type":"post","link":"https:\/\/www.egemtv.com\/?p=77659","title":{"rendered":"\u00c7ocuklar anneleriyle birlikte geleneksel kilim dokumay\u0131 \u00f6\u011frendi"},"content":{"rendered":"<p>Aile Y\u0131l\u0131 etkinlikleri kapsam\u0131nda Sar\u0131g\u00f6l\u2019de \u00f6\u011frenciler, anneleriyle birlikte okul s\u0131ralar\u0131nda geleneksel kilim dokumay\u0131 \u00f6\u011frenerek k\u00fclt\u00fcrel miras\u0131 ya\u015fayarak tan\u0131d\u0131.<br \/>\n<br \/>Aile Y\u0131l\u0131 kapsam\u0131nda Manisa\u2019n\u0131n Sar\u0131g\u00f6l il\u00e7esinde bulunan \u015eeyhdavutlar \u0130lkokulunda anlaml\u0131 bir etkinlik ger\u00e7ekle\u015ftirildi. Okulda \u00f6\u011frenim g\u00f6ren t\u00fcm \u00f6\u011frenciler, anneleriyle birlikte k\u00f6y\u00fcn en \u00f6nemli ge\u00e7im kaynaklar\u0131ndan biri olan geleneksel kilim dokumay\u0131 okul s\u0131ralar\u0131nda deneyimleme f\u0131rsat\u0131 buldu.<br \/>\n<br \/>Aile b\u00fcy\u00fcklerinden ku\u015faktan ku\u015fa\u011fa aktar\u0131lan bu k\u00f6kl\u00fc el sanat\u0131n\u0131 yak\u0131ndan tan\u0131yan \u00f6\u011frenciler, ilmek ilmek sabr\u0131, eme\u011fi ve k\u00fclt\u00fcrel miras\u0131 \u00f6\u011frenirken; anneleriyle birlikte \u00fcretmenin mutlulu\u011funu ya\u015fad\u0131. Etkinlik sayesinde \u00e7ocuklar hem geleneksel kilim dokuma s\u00fcrecini \u00f6\u011frendi hem de k\u00fclt\u00fcrel de\u011ferlerin aile i\u00e7inde nas\u0131l ya\u015fat\u0131ld\u0131\u011f\u0131n\u0131 birebir g\u00f6zlemledi.<br \/>\n<br \/>Sar\u0131g\u00f6l \u0130l\u00e7e Milli E\u011fitim M\u00fcd\u00fcr\u00fc Cezmi Y\u0131ld\u0131rak, etkinli\u011fe ili\u015fkin yapt\u0131\u011f\u0131 a\u00e7\u0131klamada, &#8220;Okul genelinde ger\u00e7ekle\u015ftirilen bu etkinlikte anne-\u00e7ocuk i\u015f birli\u011fiyle k\u00fclt\u00fcrel de\u011ferlerimiz ya\u015fayarak \u00f6\u011frenildi. G\u00fcn\u00fcn sonunda hem annelerin hem de \u00f6\u011frencilerin mutlulu\u011fu y\u00fczlerinden okunuyordu. Aile, k\u00fclt\u00fcr ve e\u011fitimin bir araya geldi\u011fi bu anlaml\u0131 etkinlik haf\u0131zalarda g\u00fczel bir an\u0131 olarak yer ald\u0131. \u00c7\u00fcnk\u00fc k\u00fclt\u00fcr, en g\u00fczel h\u00e2liyle ailede ba\u015flar ve ya\u015fayarak \u00f6\u011frenilir.&#8221; dedi.<br \/>\n<br \/>Etkinlik, kat\u0131l\u0131mc\u0131lar\u0131n memnuniyeti ve renkli g\u00f6r\u00fcnt\u00fclerle sona erdi.<br \/><\/p>\n","protected":false},"excerpt":{"rendered":"<p>Aile Y\u0131l\u0131 etkinlikleri kapsam\u0131nda Sar\u0131g\u00f6l\u2019de \u00f6\u011frenciler, anneleriyle birlikte okul s\u0131ralar\u0131nda geleneksel kilim dokumay\u0131 \u00f6\u011frenerek k\u00fclt\u00fcrel miras\u0131 ya\u015fayarak tan\u0131d\u0131. Aile Y\u0131l\u0131 kapsam\u0131nda Manisa\u2019n\u0131n Sar\u0131g\u00f6l il\u00e7esinde bulunan \u015eeyhdavutlar \u0130lkokulunda anlaml\u0131 bir etkinlik ger\u00e7ekle\u015ftirildi. Okulda \u00f6\u011frenim g\u00f6ren t\u00fcm \u00f6\u011frenciler, anneleriyle birlikte k\u00f6y\u00fcn en \u00f6nemli ge\u00e7im kaynaklar\u0131ndan biri olan geleneksel kilim dokumay\u0131 okul s\u0131ralar\u0131nda deneyimleme f\u0131rsat\u0131 buldu. Aile b\u00fcy\u00fcklerinden&#8230;<\/p>\n","protected":false},"author":1,"featured_media":77660,"comment_status":"open","ping_status":"open","sticky":false,"template":"","format":"standard","meta":{"_crdt_document":"","footnotes":""},"categories":[1],"tags":[],"class_list":["post-77659","post","type-post","status-publish","format-standard","has-post-thumbnail","hentry","category-guncel"],"_links":{"self":[{"href":"https:\/\/www.egemtv.com\/index.php?rest_route=\/wp\/v2\/posts\/77659","targetHints":{"allow":["GET"]}}],"collection":[{"href":"https:\/\/www.egemtv.com\/index.php?rest_route=\/wp\/v2\/posts"}],"about":[{"href":"https:\/\/www.egemtv.com\/index.php?rest_route=\/wp\/v2\/types\/post"}],"author":[{"embeddable":true,"href":"https:\/\/www.egemtv.com\/index.php?rest_route=\/wp\/v2\/users\/1"}],"replies":[{"embeddable":true,"href":"https:\/\/www.egemtv.com\/index.php?rest_route=%2Fwp%2Fv2%2Fcomments&post=77659"}],"version-history":[{"count":1,"href":"https:\/\/www.egemtv.com\/index.php?rest_route=\/wp\/v2\/posts\/77659\/revisions"}],"predecessor-version":[{"id":77661,"href":"https:\/\/www.egemtv.com\/index.php?rest_route=\/wp\/v2\/posts\/77659\/revisions\/77661"}],"wp:featuredmedia":[{"embeddable":true,"href":"https:\/\/www.egemtv.com\/index.php?rest_route=\/wp\/v2\/media\/77660"}],"wp:attachment":[{"href":"https:\/\/www.egemtv.com\/index.php?rest_route=%2Fwp%2Fv2%2Fmedia&parent=77659"}],"wp:term":[{"taxonomy":"category","embeddable":true,"href":"https:\/\/www.egemtv.com\/index.php?rest_route=%2Fwp%2Fv2%2Fcategories&post=77659"},{"taxonomy":"post_tag","embeddable":true,"href":"https:\/\/www.egemtv.com\/index.php?rest_route=%2Fwp%2Fv2%2Ftags&post=77659"}],"curies":[{"name":"wp","href":"https:\/\/api.w.org\/{rel}","templated":true}]}}