{"id":77656,"date":"2025-12-31T03:54:35","date_gmt":"2025-12-31T00:54:35","guid":{"rendered":"https:\/\/www.egemtv.com\/?p=77656"},"modified":"2025-12-31T03:54:36","modified_gmt":"2025-12-31T00:54:36","slug":"kontrolden-cikan-tirin-raylara-uctugu-kazada-tren-seferleri-durduruldu-1-olu","status":"publish","type":"post","link":"https:\/\/www.egemtv.com\/?p=77656","title":{"rendered":"Kontrolden \u00e7\u0131kan t\u0131r\u0131n raylara u\u00e7tu\u011fu kazada tren seferleri durduruldu: 1 \u00f6l\u00fc"},"content":{"rendered":"<p>Ayd\u0131n Efeler il\u00e7esinde seyir halindeki bir t\u0131r otoban \u00e7\u0131k\u0131\u015f\u0131 d\u00f6ner kav\u015faktan d\u00fcz gidip yakla\u015f\u0131k 40 metre u\u00e7tu. Demiryolu \u00fczerinde ask\u0131da kalan t\u0131r\u0131n s\u00fcr\u00fcc\u00fcs\u00fc hayat\u0131n\u0131 kaybetti, kaza nedeniyle Ayd\u0131n-Denizli aras\u0131ndaki tren seferleri kar\u015f\u0131l\u0131kl\u0131 olarak durduruldu.<br \/>\n<br \/>Kaza saat 23:40 s\u0131ralar\u0131nda Efeler \u0130l\u00e7esi Ayd\u0131n-Denizli otoyolu P\u0131nardere Kav\u015fa\u011f\u0131nda meydana geldi. Edinilen bilgiye g\u00f6re; 35 BHM 182 plakal\u0131 dorseyi ta\u015f\u0131yan Yunus U\u011furlu (28) y\u00f6netimindeki 45 AKC 644 plakal\u0131 t\u0131r, otobandan \u00e7\u0131k\u0131p Ayd\u0131n-Denizli karayoluna girece\u011fi s\u0131rada P\u0131nardere Kav\u015fa\u011f\u0131ndan d\u00f6nmeden direk tren yoluna u\u00e7tu. \u00d6nce yol kenar\u0131ndaki demir bariyerleri k\u0131ran t\u0131r ard\u0131ndan karayolu ile demir yolu aras\u0131ndaki yakla\u015f\u0131k 3 metre y\u00fcksekli\u011finde 15 metre uzunlu\u011fundaki \u00e7ukuru adete u\u00e7arak ge\u00e7ti. Demiryolu raylar\u0131na tak\u0131larak durabilen t\u0131r\u0131n dorsesinde bulunan tonlarca a\u011f\u0131rl\u0131\u011f\u0131ndaki y\u00fck kupay\u0131 ka\u011f\u0131t gibi ezdi.<br \/>\n<br \/>Kazay\u0131 g\u00f6ren vatanda\u015flar\u0131n durumu 112 ihbar hatt\u0131na bildirmesi \u00fczerine b\u00f6lgeye sa\u011fl\u0131k, itfaiye ve AFAD ve g\u00fcvenlik ekipleri sevk edildi. K\u0131sa s\u00fcrede olay yerine gelen sa\u011fl\u0131k ekipleri t\u0131r s\u00fcr\u00fcc\u00fcs\u00fc Yunus U\u011furlu\u2019nun hayat\u0131n\u0131 kaybetti\u011fini tespit etti. Talihsiz gencin cenazesi itfaiye ve AFAD ekipleri taraf\u0131ndan k\u0131sa s\u00fcrede s\u0131k\u0131\u015ft\u0131\u011f\u0131 yerden \u00e7\u0131kar\u0131ld\u0131.<br \/>\n<br \/>Bu s\u0131rada t\u0131r\u0131n bir k\u0131sm\u0131n\u0131n demiryolu \u00fczerinde kalmas\u0131 nedeniyle Ayd\u0131n-Denizli aras\u0131ndaki tren seferleri iptal edildi. B\u00f6lgedeki elektrik hatlar\u0131ndaki ak\u0131m kesildi. Kurtarma \u00e7al\u0131\u015fmalar\u0131 tamamlan\u0131p hasar g\u00f6ren raylar tamir edilinceye kadar Ayd\u0131n-Denizli aras\u0131ndaki tren seferlerinin iptal edildi\u011fi duyuruldu.<br \/><\/p>\n","protected":false},"excerpt":{"rendered":"<p>Ayd\u0131n Efeler il\u00e7esinde seyir halindeki bir t\u0131r otoban \u00e7\u0131k\u0131\u015f\u0131 d\u00f6ner kav\u015faktan d\u00fcz gidip yakla\u015f\u0131k 40 metre u\u00e7tu. Demiryolu \u00fczerinde ask\u0131da kalan t\u0131r\u0131n s\u00fcr\u00fcc\u00fcs\u00fc hayat\u0131n\u0131 kaybetti, kaza nedeniyle Ayd\u0131n-Denizli aras\u0131ndaki tren seferleri kar\u015f\u0131l\u0131kl\u0131 olarak durduruldu. Kaza saat 23:40 s\u0131ralar\u0131nda Efeler \u0130l\u00e7esi Ayd\u0131n-Denizli otoyolu P\u0131nardere Kav\u015fa\u011f\u0131nda meydana geldi. Edinilen bilgiye g\u00f6re; 35 BHM 182 plakal\u0131 dorseyi ta\u015f\u0131yan&#8230;<\/p>\n","protected":false},"author":1,"featured_media":77657,"comment_status":"open","ping_status":"open","sticky":false,"template":"","format":"standard","meta":{"_crdt_document":"","footnotes":""},"categories":[5],"tags":[],"class_list":["post-77656","post","type-post","status-publish","format-standard","has-post-thumbnail","hentry","category-asayis"],"_links":{"self":[{"href":"https:\/\/www.egemtv.com\/index.php?rest_route=\/wp\/v2\/posts\/77656","targetHints":{"allow":["GET"]}}],"collection":[{"href":"https:\/\/www.egemtv.com\/index.php?rest_route=\/wp\/v2\/posts"}],"about":[{"href":"https:\/\/www.egemtv.com\/index.php?rest_route=\/wp\/v2\/types\/post"}],"author":[{"embeddable":true,"href":"https:\/\/www.egemtv.com\/index.php?rest_route=\/wp\/v2\/users\/1"}],"replies":[{"embeddable":true,"href":"https:\/\/www.egemtv.com\/index.php?rest_route=%2Fwp%2Fv2%2Fcomments&post=77656"}],"version-history":[{"count":1,"href":"https:\/\/www.egemtv.com\/index.php?rest_route=\/wp\/v2\/posts\/77656\/revisions"}],"predecessor-version":[{"id":77658,"href":"https:\/\/www.egemtv.com\/index.php?rest_route=\/wp\/v2\/posts\/77656\/revisions\/77658"}],"wp:featuredmedia":[{"embeddable":true,"href":"https:\/\/www.egemtv.com\/index.php?rest_route=\/wp\/v2\/media\/77657"}],"wp:attachment":[{"href":"https:\/\/www.egemtv.com\/index.php?rest_route=%2Fwp%2Fv2%2Fmedia&parent=77656"}],"wp:term":[{"taxonomy":"category","embeddable":true,"href":"https:\/\/www.egemtv.com\/index.php?rest_route=%2Fwp%2Fv2%2Fcategories&post=77656"},{"taxonomy":"post_tag","embeddable":true,"href":"https:\/\/www.egemtv.com\/index.php?rest_route=%2Fwp%2Fv2%2Ftags&post=77656"}],"curies":[{"name":"wp","href":"https:\/\/api.w.org\/{rel}","templated":true}]}}