{"id":77653,"date":"2025-12-31T00:35:23","date_gmt":"2025-12-30T21:35:23","guid":{"rendered":"https:\/\/www.egemtv.com\/?p=77653"},"modified":"2025-12-31T00:35:23","modified_gmt":"2025-12-30T21:35:23","slug":"kutahyada-sali-sohbetlerine-ilgi","status":"publish","type":"post","link":"https:\/\/www.egemtv.com\/?p=77653","title":{"rendered":"K\u00fctahya\u2019da \u2019Sal\u0131 Sohbetleri\u2019ne ilgi"},"content":{"rendered":"<p>K\u00fctahya Diyanet Gen\u00e7lik Merkezi\u2019nde her hafta d\u00fczenli olarak ger\u00e7ekle\u015ftirilen Sal\u0131 Sohbetleri, bu hafta da yo\u011fun kat\u0131l\u0131mla ger\u00e7ekle\u015ftirildi.<br \/>\n<br \/>Halka a\u00e7\u0131k olarak yap\u0131lan g\u00f6n\u00fcl bulu\u015fmas\u0131nda, K\u00fctahya Dini \u0130htisas Merkezi e\u011fitim g\u00f6revlisi Mehmet \u00d6zt\u00fcrk konuk oldu. Samimi \u00fcslubu ve etkileyici anlat\u0131m\u0131yla kat\u0131l\u0131mc\u0131lar\u0131n g\u00f6n\u00fcllerine hitap eden \u00d6zt\u00fcrk, ilmi birikimiyle sohbet halkas\u0131na de\u011fer katt\u0131. Program, ilme ve muhabbete ortak olan vatanda\u015flar\u0131n yo\u011fun ilgisiyle ger\u00e7ekle\u015fti. \u00d6zt\u00fcrk, Sal\u0131 Sohbetleri\u2019nin kalpleri bulu\u015fturan, karde\u015flik ve muhabbeti peki\u015ftiren \u00f6nemli bir bulu\u015fma oldu\u011funu belirterek kat\u0131l\u0131mc\u0131lara te\u015fekk\u00fcr etti.<br \/><\/p>\n","protected":false},"excerpt":{"rendered":"<p>K\u00fctahya Diyanet Gen\u00e7lik Merkezi\u2019nde her hafta d\u00fczenli olarak ger\u00e7ekle\u015ftirilen Sal\u0131 Sohbetleri, bu hafta da yo\u011fun kat\u0131l\u0131mla ger\u00e7ekle\u015ftirildi. Halka a\u00e7\u0131k olarak yap\u0131lan g\u00f6n\u00fcl bulu\u015fmas\u0131nda, K\u00fctahya Dini \u0130htisas Merkezi e\u011fitim g\u00f6revlisi Mehmet \u00d6zt\u00fcrk konuk oldu. Samimi \u00fcslubu ve etkileyici anlat\u0131m\u0131yla kat\u0131l\u0131mc\u0131lar\u0131n g\u00f6n\u00fcllerine hitap eden \u00d6zt\u00fcrk, ilmi birikimiyle sohbet halkas\u0131na de\u011fer katt\u0131. Program, ilme ve muhabbete ortak olan&#8230;<\/p>\n","protected":false},"author":1,"featured_media":77654,"comment_status":"open","ping_status":"open","sticky":false,"template":"","format":"standard","meta":{"_crdt_document":"","footnotes":""},"categories":[123],"tags":[],"class_list":["post-77653","post","type-post","status-publish","format-standard","has-post-thumbnail","hentry","category-gundem"],"_links":{"self":[{"href":"https:\/\/www.egemtv.com\/index.php?rest_route=\/wp\/v2\/posts\/77653","targetHints":{"allow":["GET"]}}],"collection":[{"href":"https:\/\/www.egemtv.com\/index.php?rest_route=\/wp\/v2\/posts"}],"about":[{"href":"https:\/\/www.egemtv.com\/index.php?rest_route=\/wp\/v2\/types\/post"}],"author":[{"embeddable":true,"href":"https:\/\/www.egemtv.com\/index.php?rest_route=\/wp\/v2\/users\/1"}],"replies":[{"embeddable":true,"href":"https:\/\/www.egemtv.com\/index.php?rest_route=%2Fwp%2Fv2%2Fcomments&post=77653"}],"version-history":[{"count":1,"href":"https:\/\/www.egemtv.com\/index.php?rest_route=\/wp\/v2\/posts\/77653\/revisions"}],"predecessor-version":[{"id":77655,"href":"https:\/\/www.egemtv.com\/index.php?rest_route=\/wp\/v2\/posts\/77653\/revisions\/77655"}],"wp:featuredmedia":[{"embeddable":true,"href":"https:\/\/www.egemtv.com\/index.php?rest_route=\/wp\/v2\/media\/77654"}],"wp:attachment":[{"href":"https:\/\/www.egemtv.com\/index.php?rest_route=%2Fwp%2Fv2%2Fmedia&parent=77653"}],"wp:term":[{"taxonomy":"category","embeddable":true,"href":"https:\/\/www.egemtv.com\/index.php?rest_route=%2Fwp%2Fv2%2Fcategories&post=77653"},{"taxonomy":"post_tag","embeddable":true,"href":"https:\/\/www.egemtv.com\/index.php?rest_route=%2Fwp%2Fv2%2Ftags&post=77653"}],"curies":[{"name":"wp","href":"https:\/\/api.w.org\/{rel}","templated":true}]}}