{"id":77650,"date":"2025-12-30T23:14:31","date_gmt":"2025-12-30T20:14:31","guid":{"rendered":"https:\/\/www.egemtv.com\/?p=77650"},"modified":"2025-12-30T23:14:32","modified_gmt":"2025-12-30T20:14:32","slug":"hisarcikta-mahalle-sakinlerinden-baz-istasyonuna-tepki","status":"publish","type":"post","link":"https:\/\/www.egemtv.com\/?p=77650","title":{"rendered":"Hisarc\u0131k\u2019ta mahalle sakinlerinden baz istasyonuna tepki"},"content":{"rendered":"<p>K\u00fctahya\u2019n\u0131n Hisarc\u0131k il\u00e7esi \u015eehitler Mahallesi\u2019nde bir binan\u0131n \u00e7at\u0131s\u0131na kurulan baz istasyonu, mahalle sakinlerinin tepkisine neden oldu.<br \/>\n<br \/>\u015eehitler Mahallesi\u2019nde \u00f6zel bir GSM \u015firketine ait olarak yeni kurulan baz istasyonunun, \u00e7evrede ya\u015fayan vatanda\u015flarda sa\u011fl\u0131k a\u00e7\u0131s\u0131ndan endi\u015fe olu\u015fturdu\u011fu belirtildi. Baz istasyonlar\u0131n\u0131n radyasyon yayd\u0131\u011f\u0131 ve insan sa\u011fl\u0131\u011f\u0131n\u0131 tehdit etti\u011fi y\u00f6n\u00fcndeki kayg\u0131lar\u0131n\u0131 dile getiren mahalle sakinleri, il\u00e7ede kanser vakalar\u0131n\u0131n y\u00fcksek seviyede oldu\u011funu ifade ederek yeni bir risk fakt\u00f6r\u00fcn\u00fcn kabul edilemez oldu\u011funu vurgulad\u0131.<br \/>\n<br \/>Mahalle halk\u0131 taraf\u0131ndan yap\u0131lan a\u00e7\u0131klamada, &#8220;G\u00fcn\u00fcm\u00fcz ileti\u015fim \u00e7a\u011f\u0131nda baz istasyonlar\u0131n\u0131n gerekli oldu\u011funun fark\u0131nday\u0131z. Ancak mahallenin orta yerinde, evlere bu kadar yak\u0131n bir noktaya kurulmas\u0131 kabul edilemez. Yetkililerin halk sa\u011fl\u0131\u011f\u0131n\u0131 g\u00f6zeterek bu t\u00fcr uygulamalara izin vermemesi gerekir. Baz istasyonlar\u0131n\u0131n ya\u015fam alanlar\u0131ndan daha uzak b\u00f6lgelerde kurulmas\u0131 \u015fartt\u0131r. Kuruluma izin ve onay verenler, ileride \u00e7ocuklarda ve yeti\u015fkinlerde ortaya \u00e7\u0131kabilecek sa\u011fl\u0131k sorunlar\u0131nda sorumluluk ta\u015f\u0131yacakt\u0131r. Hi\u00e7 kimse evinin dibinde baz istasyonu istemez. Yetkililerin bu istasyonu daha uygun ve uzak bir alana ta\u015f\u0131malar\u0131, halk sa\u011fl\u0131\u011f\u0131 a\u00e7\u0131s\u0131ndan vicdani ve ahlaki bir zorunluluktur&#8221; ifadelerine yer verdi.<br \/><\/p>\n","protected":false},"excerpt":{"rendered":"<p>K\u00fctahya\u2019n\u0131n Hisarc\u0131k il\u00e7esi \u015eehitler Mahallesi\u2019nde bir binan\u0131n \u00e7at\u0131s\u0131na kurulan baz istasyonu, mahalle sakinlerinin tepkisine neden oldu. \u015eehitler Mahallesi\u2019nde \u00f6zel bir GSM \u015firketine ait olarak yeni kurulan baz istasyonunun, \u00e7evrede ya\u015fayan vatanda\u015flarda sa\u011fl\u0131k a\u00e7\u0131s\u0131ndan endi\u015fe olu\u015fturdu\u011fu belirtildi. Baz istasyonlar\u0131n\u0131n radyasyon yayd\u0131\u011f\u0131 ve insan sa\u011fl\u0131\u011f\u0131n\u0131 tehdit etti\u011fi y\u00f6n\u00fcndeki kayg\u0131lar\u0131n\u0131 dile getiren mahalle sakinleri, il\u00e7ede kanser vakalar\u0131n\u0131n y\u00fcksek&#8230;<\/p>\n","protected":false},"author":1,"featured_media":77651,"comment_status":"open","ping_status":"open","sticky":false,"template":"","format":"standard","meta":{"_crdt_document":"","footnotes":""},"categories":[2],"tags":[],"class_list":["post-77650","post","type-post","status-publish","format-standard","has-post-thumbnail","hentry","category-saglik"],"_links":{"self":[{"href":"https:\/\/www.egemtv.com\/index.php?rest_route=\/wp\/v2\/posts\/77650","targetHints":{"allow":["GET"]}}],"collection":[{"href":"https:\/\/www.egemtv.com\/index.php?rest_route=\/wp\/v2\/posts"}],"about":[{"href":"https:\/\/www.egemtv.com\/index.php?rest_route=\/wp\/v2\/types\/post"}],"author":[{"embeddable":true,"href":"https:\/\/www.egemtv.com\/index.php?rest_route=\/wp\/v2\/users\/1"}],"replies":[{"embeddable":true,"href":"https:\/\/www.egemtv.com\/index.php?rest_route=%2Fwp%2Fv2%2Fcomments&post=77650"}],"version-history":[{"count":1,"href":"https:\/\/www.egemtv.com\/index.php?rest_route=\/wp\/v2\/posts\/77650\/revisions"}],"predecessor-version":[{"id":77652,"href":"https:\/\/www.egemtv.com\/index.php?rest_route=\/wp\/v2\/posts\/77650\/revisions\/77652"}],"wp:featuredmedia":[{"embeddable":true,"href":"https:\/\/www.egemtv.com\/index.php?rest_route=\/wp\/v2\/media\/77651"}],"wp:attachment":[{"href":"https:\/\/www.egemtv.com\/index.php?rest_route=%2Fwp%2Fv2%2Fmedia&parent=77650"}],"wp:term":[{"taxonomy":"category","embeddable":true,"href":"https:\/\/www.egemtv.com\/index.php?rest_route=%2Fwp%2Fv2%2Fcategories&post=77650"},{"taxonomy":"post_tag","embeddable":true,"href":"https:\/\/www.egemtv.com\/index.php?rest_route=%2Fwp%2Fv2%2Ftags&post=77650"}],"curies":[{"name":"wp","href":"https:\/\/api.w.org\/{rel}","templated":true}]}}